{"provider_url": "https://www.bomretiro.sc.leg.br", "title": "Urbaniza\u00e7\u00e3o da Pra\u00e7a Const\u00e2ncio Krumell", "html": "<p>A referida pra\u00e7a \u00e9 anexa ao Centro Administrativo Ademar Oscar Rosar, e depois de urbanizada se tornar\u00e1 mais um espa\u00e7o para lazer<span class=\"text_exposed_show\"> e conviv\u00eancia</span> da comunidade bonretirense.</p>\r\n<p>A Vereadora tamb\u00e9m solicitou a designa\u00e7\u00e3o da Rua Const\u00e2ncio Krumell como sentido \u00fanico de dire\u00e7\u00e3o para garantir mais seguran\u00e7a aos alunos do Jardim de Inf\u00e2ncia Beija Flor.</p>", "author_name": "", "version": "1.0", "author_url": "https://www.bomretiro.sc.leg.br/author/adm", "provider_name": "C\u00e2mara de Vereadores de Bom Retiro - SC", "type": "rich"}