{"provider_url": "https://www.bomretiro.sc.leg.br", "title": "Sess\u00f5es Ordin\u00e1rias", "html": "<div class=\"x11i5rnm xat24cr x1mh8g0r x1vvkbs xtlvy1s x126k92a\">\r\n<div dir=\"auto\" style=\"text-align: start; \"><span class=\"x3nfvp2 x1j61x8r x1fcty0u xdj266r xhhsvwb xat24cr xgzva0m xxymvpz xlup9mm x1kky2od\"><img alt=\"\ud83d\uddd3\ufe0f\" class=\"xz74otr\" height=\"16\" src=\"https://static.xx.fbcdn.net/images/emoji.php/v9/t5c/1/16/1f5d3.png\" width=\"16\" /></span> <span><a tabindex=\"-1\"></a></span>Datas: 14 e 15 de fevereiro</div>\r\n<div dir=\"auto\" style=\"text-align: start; \"><span class=\"x3nfvp2 x1j61x8r x1fcty0u xdj266r xhhsvwb xat24cr xgzva0m xxymvpz xlup9mm x1kky2od\"><img alt=\"\ud83d\udd56\" class=\"xz74otr\" height=\"16\" src=\"https://static.xx.fbcdn.net/images/emoji.php/v9/tae/1/16/1f556.png\" width=\"16\" /></span> Hor\u00e1rio: A partir das 18h00</div>\r\n<div dir=\"auto\" style=\"text-align: start; \"><span class=\"x3nfvp2 x1j61x8r x1fcty0u xdj266r xhhsvwb xat24cr xgzva0m xxymvpz xlup9mm x1kky2od\"><img alt=\"\ud83d\udccd\" class=\"xz74otr\" height=\"16\" src=\"https://static.xx.fbcdn.net/images/emoji.php/v9/t2d/1/16/1f4cd.png\" width=\"16\" /></span> Local: C\u00e2mara Municipal de Bom Retiro</div>\r\n</div>\r\n<div class=\"x11i5rnm xat24cr x1mh8g0r x1vvkbs xtlvy1s x126k92a\">\r\n<div dir=\"auto\" style=\"text-align: start; \">Para aqueles que n\u00e3o puderem comparecer pessoalmente, n\u00e3o se preocupem! As sess\u00f5es ser\u00e3o transmitidas ao vivo atrav\u00e9s do nosso canal no Facebook e no YouTube da C\u00e2mara, al\u00e9m da R\u00e1dio Portal da Serra.</div>\r\n</div>\r\n<div class=\"x11i5rnm xat24cr x1mh8g0r x1vvkbs xtlvy1s x126k92a\">\r\n<div dir=\"auto\" style=\"text-align: start; \">\u00c9 uma oportunidade \u00fanica para acompanhar de perto as discuss\u00f5es e decis\u00f5es que impactam diretamente a nossa cidade.</div>\r\n</div>\r\n<div class=\"x11i5rnm xat24cr x1mh8g0r x1vvkbs xtlvy1s x126k92a\">\r\n<div dir=\"auto\" style=\"text-align: start; \">Contamos com a sua participa\u00e7\u00e3o e engajamento!</div>\r\n</div>", "author_name": "", "version": "1.0", "author_url": "https://www.bomretiro.sc.leg.br/author/adm", "provider_name": "C\u00e2mara de Vereadores de Bom Retiro - SC", "type": "rich"}