{"provider_url": "https://www.bomretiro.sc.leg.br", "title": "Pauta", "html": "<p align=\"center\"><b><span>SESS\u00c3O ORDIN\u00c1RIA 27/04/2026</span></b></p>\r\n<p>1\u00a0\u00a0\u00a0\u00a0\u00a0\u00a0\u00a0 Leitura, discuss\u00e3o e vota\u00e7\u00e3o da Ata da Sess\u00e3o anterior.</p>\r\n<p>\u00a0</p>\r\n<p>2\u00a0\u00a0\u00a0\u00a0\u00a0\u00a0\u00a0 Projetos de Lei protocolados:</p>\r\n<ul>\r\n<li>PL n.\u00ba 019/26, declara o mel de melato de baracatinga como patrim\u00f4nio cultural imaterial do munic\u00edpio de Bom Retiro e d\u00e1 outras provid\u00eancias.</li>\r\n<li>PL n.\u00ba 020/26, disp\u00f5e sobre a declara\u00e7\u00e3o do queijo artesanal serrano como patrim\u00f4nio cultural imaterial do munic\u00edpio de Bom Retiro e d\u00e1 outras provid\u00eancias.</li>\r\n<li>PL n.\u00ba 021/26, declara o churrasco como patrim\u00f4nio cultural imaterial do munic\u00edpio de Bom Retiro e d\u00e1 outras provid\u00eancias.</li>\r\n<li>PL n.\u00ba 022/26, institui o invent\u00e1rio do patrim\u00f4nio cultural imaterial do munic\u00edpio de Bom Retiro e d\u00e1 outras provid\u00eancias.</li>\r\n</ul>\r\n<p>\u00a0</p>\r\n<p>3\u00a0\u00a0\u00a0\u00a0\u00a0\u00a0\u00a0 Discuss\u00e3o e vota\u00e7\u00e3o dos projetos de lei:</p>\r\n<ul>\r\n<li>PL n.\u00ba 013/26, abre cr\u00e9dito suplementar no or\u00e7amento do Fundo Municipal de Assist\u00eancia Social, exerc\u00edcio financeiro de 2026, pelo super\u00e1vit financeiro do exerc\u00edcio anterior.</li>\r\n<li>PL n.\u00ba 014/26, abre cr\u00e9dito suplementar no or\u00e7amento da Prefeitura Municipal de Bom Retiro, exerc\u00edcio financeiro de 2026, por super\u00e1vit financeiro do exerc\u00edcio anterior.</li>\r\n<li>PL n.\u00ba 015/26, abre cr\u00e9dito especial no or\u00e7amento da Prefeitura Municipal de Bom Retiro, no exerc\u00edcio financeiro de 2026, pelo super\u00e1vit do exerc\u00edcio anterior.</li>\r\n<li>PL n.\u00ba 016/26, abre cr\u00e9dito especial no or\u00e7amento da Prefeitura Municipal de Bom Retiro, no exerc\u00edcio financeiro de 2026, pelo super\u00e1vit do exerc\u00edcio anterior.</li>\r\n<li>PL n.\u00ba 017/26, abre cr\u00e9dito suplementar no or\u00e7amento do Fundo Municipal de Sa\u00fade, exerc\u00edcio financeiro de 2026, por anula\u00e7\u00e3o de dota\u00e7\u00e3o.</li>\r\n<li>PL n.\u00ba 018/26, abre cr\u00e9dito suplementar no or\u00e7amento da Prefeitura Municipal de Bom Retiro, exerc\u00edcio financeiro de 2026, por super\u00e1vit financeiro do exerc\u00edcio anterior.</li>\r\n<li>PL n.\u00ba 001/26, declara a rabada de milho verde como patrim\u00f4nio cultural imaterial do munic\u00edpio de Bom Retiro e d\u00e1 outras provid\u00eancias.</li>\r\n</ul>\r\n<p>\u00a0</p>\r\n<p>4\u00a0\u00a0\u00a0\u00a0\u00a0\u00a0\u00a0 Vota\u00e7\u00e3o das Reda\u00e7\u00f5es Finais:</p>\r\n<ul>\r\n<li>PL n.\u00ba 013/26, abre cr\u00e9dito suplementar no or\u00e7amento do Fundo Municipal de Assist\u00eancia Social, exerc\u00edcio financeiro de 2026, pelo super\u00e1vit financeiro do exerc\u00edcio anterior.</li>\r\n<li>PL n.\u00ba 014/26, abre cr\u00e9dito suplementar no or\u00e7amento da Prefeitura Municipal de Bom Retiro, exerc\u00edcio financeiro de 2026, por super\u00e1vit financeiro do exerc\u00edcio anterior.</li>\r\n<li>PL n.\u00ba 015/26, abre cr\u00e9dito especial no or\u00e7amento da Prefeitura Municipal de Bom Retiro, no exerc\u00edcio financeiro de 2026, pelo super\u00e1vit do exerc\u00edcio anterior.</li>\r\n<li>PL n.\u00ba 016/26, abre cr\u00e9dito especial no or\u00e7amento da Prefeitura Municipal de Bom Retiro, no exerc\u00edcio financeiro de 2026, pelo super\u00e1vit do exerc\u00edcio anterior.</li>\r\n<li>PL n.\u00ba 017/26, abre cr\u00e9dito suplementar no or\u00e7amento do Fundo Municipal de Sa\u00fade, exerc\u00edcio financeiro de 2026, por anula\u00e7\u00e3o de dota\u00e7\u00e3o.</li>\r\n<li>PL n.\u00ba 018/26, abre cr\u00e9dito suplementar no or\u00e7amento da Prefeitura Municipal de Bom Retiro, exerc\u00edcio financeiro de 2026, por super\u00e1vit financeiro do exerc\u00edcio anterior.</li>\r\n<li>PL n.\u00ba 001/26, declara a rabada de milho verde como patrim\u00f4nio cultural imaterial do munic\u00edpio de Bom Retiro e d\u00e1 outras provid\u00eancias.</li>\r\n</ul>\r\n<p>\u00a0</p>\r\n<p>5\u00a0\u00a0\u00a0\u00a0\u00a0\u00a0\u00a0 Discuss\u00e3o e vota\u00e7\u00e3o das proposi\u00e7\u00f5es:</p>\r\n<ul>\r\n<li>Requerimento n.\u00ba 039/26, de autoria do Vereador Eduardo Neckel, que requer ao Poder Executivo as seguintes informa\u00e7\u00f5es acerca da p\u00e1 carregadeira que se encontra abandonada na localidade de Guarda Velha: 1 - Qual o motivo de a referida m\u00e1quina estar abandonada no local; 2 - H\u00e1 quanto tempo o equipamento se encontra nessa situa\u00e7\u00e3o; 3 - Se existe previs\u00e3o para retirada, conserto ou reaproveitamento da m\u00e1quina; 4 - Qual o atual estado de conserva\u00e7\u00e3o do equipamento.</li>\r\n<li>Requerimento n.\u00ba 040/26, de autoria do Vereador Eduardo Neckel, que requer ao Poder Executivo as seguintes informa\u00e7\u00f5es acerca do cumprimento da Lei Municipal que disp\u00f5e sobre a realiza\u00e7\u00e3o de reuni\u00f5es p\u00fablicas participativas no Munic\u00edpio de Bom Retiro e d\u00e1 outras provid\u00eancias: 1 - Qual o cronograma previsto para a realiza\u00e7\u00e3o das reuni\u00f5es p\u00fablicas participativas nas comunidades do interior do Munic\u00edpio durante o exerc\u00edcio de 2026; 2 \u2013 3 - Quais localidades ser\u00e3o contempladas e em quais datas est\u00e3o programados os encontros; 4 -Caso ainda n\u00e3o haja calend\u00e1rio definido, informar quais os motivos da aus\u00eancia de planejamento e qual a previs\u00e3o para sua divulga\u00e7\u00e3o.</li>\r\n<li>Mo\u00e7\u00e3o n.\u00ba 010/26, de autoria do Vereador Jocemar da Silva, que requer o envio de Mo\u00e7\u00e3o de Aplausos aos idosos do munic\u00edpio que, com dedica\u00e7\u00e3o, esp\u00edrito esportivo e orgulho, representaram nossa cidade na etapa estadual dos Jogos Abertos da Terceira Idade (JASTI), realizada na cidade de Joinville.</li>\r\n<li>Mo\u00e7\u00e3o n.\u00ba 011/26, de autoria do Vereador Josimar Reich, que requer o envio de votos de pesar pelo falecimento da Sra. Maria das Dores Soares.\u00a0</li>\r\n<li>Mo\u00e7\u00e3o n.\u00ba 012/26, de autoria do Vereador Eduardo Neckel, que requer o envio de Mo\u00e7\u00e3o de Aplausos \u00e0s crian\u00e7as integrantes da Oficina de Taenkodo, pela brilhante participa\u00e7\u00e3o na competi\u00e7\u00e3o realizada no munic\u00edpio de Palho\u00e7a.</li>\r\n<li>Indica\u00e7\u00e3o n.\u00ba 049/26, de autoria do Vereador Jocemar da Silva, que visa solicitar ao Poder Executivo a notifica\u00e7\u00e3o da CASAN (Companhia Catarinense de \u00c1guas e Saneamento) ou, alternativamente, que o pr\u00f3prio Munic\u00edpio providencie, com a m\u00e1xima urg\u00eancia, os reparos necess\u00e1rios no cruzamento das ruas Santa Catarina e Anita Garibaldi.</li>\r\n<li>Indica\u00e7\u00e3o n.\u00ba 050/26, de autoria do Vereador Jocemar da Silva, que visa solicitar ao Poder Executivo a realiza\u00e7\u00e3o de reparos nos banheiros da quadra da comunidade do Barbaqu\u00e1, destinados exclusivamente aos alunos das escolas, que utilizam o espa\u00e7o durante a pr\u00e1tica de educa\u00e7\u00e3o f\u00edsica.</li>\r\n<li>Indica\u00e7\u00e3o n.\u00ba 051/26, de autoria do Vereador Diego Domingues Nunes, que visa solicitar ao Poder Executivo a realiza\u00e7\u00e3o de manuten\u00e7\u00e3o na rua Santa Tereza</li>\r\n<li>Indica\u00e7\u00e3o n.\u00ba 052/26, de autoria do Vereador Eduardo Neckel, que visa solicitar ao Poder Executivo a realiza\u00e7\u00e3o de servi\u00e7os de manuten\u00e7\u00e3o e melhorias na Rua Carlos Werner, na altura do entroncamento com as Ruas Roberto Goedert e Jo\u00e3o Freiberger, visando proporcionar melhores condi\u00e7\u00f5es de trafegabilidade e seguran\u00e7a aos moradores e demais usu\u00e1rios da via.</li>\r\n<li>Indica\u00e7\u00e3o n.\u00ba 053/26, de autoria do Vereador Guilherme da Silva, que visa solicitar ao Poder Executivo a realiza\u00e7\u00e3o de manuten\u00e7\u00e3o nas cabeceiras dos kits de transposi\u00e7\u00e3o na estrada da localidade de Guarda Velha.</li>\r\n</ul>\r\n<p>\u00a0</p>\r\n<p>6\u00a0\u00a0\u00a0\u00a0\u00a0\u00a0\u00a0 Palavra livre.</p>\r\n<ul>\r\n<li>Eduardo Neckel</li>\r\n<li>Guilherme da Silva</li>\r\n<li>Diego Domingues Nunes</li>\r\n<li>Josimar Reich</li>\r\n</ul>\r\n<p>\u00a0</p>\r\n<p>\u00a0</p>\r\n<p>7\u00a0\u00a0\u00a0\u00a0\u00a0 Encerramento.</p>", "author_name": "", "version": "1.0", "author_url": "https://www.bomretiro.sc.leg.br/author/adm", "provider_name": "C\u00e2mara de Vereadores de Bom Retiro - SC", "type": "rich"}