{"provider_url": "https://www.bomretiro.sc.leg.br", "title": "Pauta", "html": "<p align=\"center\"><b><span>SESS\u00c3O ORDIN\u00c1RIA 18/08/2025</span></b></p>\r\n<p align=\"center\"><b><span>ORDEM DO DIA</span></b></p>\r\n<p>\u00a0</p>\r\n<p>1\u00a0\u00a0\u00a0\u00a0\u00a0\u00a0\u00a0 Leitura, discuss\u00e3o e vota\u00e7\u00e3o da Ata da Sess\u00e3o anterior.</p>\r\n<p>\u00a0</p>\r\n<p>2\u00a0\u00a0\u00a0\u00a0\u00a0\u00a0\u00a0 Vota\u00e7\u00e3o da Reda\u00e7\u00e3o Final do PL n.\u00ba 023/25, disp\u00f5e sobre a prorroga\u00e7\u00e3o do Plano Municipal de Educa\u00e7\u00e3o do munic\u00edpio de Bom Retiro, Santa Catarina, aprovado pela Lei n.\u00ba 2279/2015, de 23/06/15 e alterado pela Lei n.\u00ba 2484/21, de 15/06/21.</p>\r\n<p>\u00a0</p>\r\n<p>3\u00a0\u00a0\u00a0\u00a0\u00a0\u00a0\u00a0 Discuss\u00e3o e vota\u00e7\u00e3o das proposi\u00e7\u00f5es:</p>\r\n<ul>\r\n<li>Requerimento n.\u00ba 037/25, de autoria do Vereador Guilherme da Silva, que requer a realiza\u00e7\u00e3o de homenagem \u00e0 Escola de Ensino M\u00e9dio Valmir Omarques Nunes pela conquista do hexacampeonato na Olimp\u00edada Brasileira de Foguetes.</li>\r\n<li>Mo\u00e7\u00e3o n.\u00ba 034/25, de autoria do Vereador Guilherme da Silva, que requer o envio de votos de pesar pelo falecimento do Sr. Jos\u00e9 Germano Luchmann.</li>\r\n<li>Indica\u00e7\u00e3o n.\u00ba 141/25, de autoria do Vereador Jocemar da Silva, que visa solicitar ao Poder Executivo que, no in\u00edcio do ano letivo de 2026, sejam fornecidas mochilas e kits de material escolar a todos os estudantes da rede municipal de ensino.</li>\r\n<li>Indica\u00e7\u00e3o n.\u00ba 142/25, de autoria do Vereador Eduardo Neckel, que visa solicitar ao Poder Executivo a realiza\u00e7\u00e3o de manuten\u00e7\u00e3o do cal\u00e7amento da rua Dorval Ferreira de Macedo.</li>\r\n<li>Indica\u00e7\u00e3o n.\u00ba 143/25, de autoria do Vereador Josimar Reich, que visa solicitar ao Poder Executivo a instala\u00e7\u00e3o de uma defensa met\u00e1lica (guard rail) no entroncamento da Rua Carlos Souza com a Av. Major Generoso.</li>\r\n</ul>\r\n<p>\u00a0</p>\r\n<p>\u00a04\u00a0\u00a0\u00a0\u00a0\u00a0\u00a0\u00a0\u00a0\u00a0 Palavra livre</p>\r\n<ul>\r\n<li>Diego Domingues Nunes</li>\r\n<li>Eduardo Neckel</li>\r\n<li>Josimar Reich</li>\r\n<li>Jocemar da Silva</li>\r\n</ul>\r\n<p>\u00a0</p>\r\n<p>5\u00a0\u00a0\u00a0\u00a0\u00a0\u00a0\u00a0\u00a0\u00a0 Encerramento</p>", "author_name": "", "version": "1.0", "author_url": "https://www.bomretiro.sc.leg.br/author/adm", "provider_name": "C\u00e2mara de Vereadores de Bom Retiro - SC", "type": "rich"}