{"provider_url": "https://www.bomretiro.sc.leg.br", "title": "Pauta", "html": "<p align=\"center\"><b><span>SESS\u00c3O ORDIN\u00c1RIA 11/08/2025</span></b></p>\r\n<p align=\"center\"><b><span>ORDEM DO DIA</span></b></p>\r\n<p>\u00a0</p>\r\n<p>1\u00a0\u00a0\u00a0\u00a0\u00a0\u00a0\u00a0 Leitura, discuss\u00e3o e vota\u00e7\u00e3o da Ata da Sess\u00e3o anterior.</p>\r\n<p>\u00a0</p>\r\n<p>2\u00a0\u00a0\u00a0\u00a0\u00a0\u00a0\u00a0 Palavra ao Secret\u00e1rio de Administra\u00e7\u00e3o e Fazenda, Jaison Ricardo Stein, em atendimento ao Requerimento n.\u00ba 035/25.</p>\r\n<p>\u00a0</p>\r\n<p>3\u00a0\u00a0\u00a0\u00a0\u00a0\u00a0\u00a0 Discuss\u00e3o e vota\u00e7\u00e3o do Veto Integral ao Projeto de Lei n.\u00ba 003/25, disp\u00f5e sobre a publica\u00e7\u00e3o do curr\u00edculo dos agentes pol\u00edticos e ocupantes de cargos comissionados da administra\u00e7\u00e3o p\u00fablica direta e indireta do Munic\u00edpio de Bom Retiro e d\u00e1 outras provid\u00eancias.</p>\r\n<p>\u00a0</p>\r\n<p>4\u00a0\u00a0\u00a0\u00a0\u00a0\u00a0\u00a0 Discuss\u00e3o e vota\u00e7\u00e3o do projeto de lei:</p>\r\n<ul>\r\n<li>PL n.\u00ba 023/25, disp\u00f5e sobre a prorroga\u00e7\u00e3o do Plano Municipal de Educa\u00e7\u00e3o do munic\u00edpio de Bom Retiro, Santa Catarina, aprovado pela Lei n.\u00ba 2279/2015, de 23/06/15 e alterado pela Lei n.\u00ba 2484/21, de 15/06/21.</li>\r\n</ul>\r\n<p>\u00a0</p>\r\n<p>5\u00a0\u00a0\u00a0\u00a0\u00a0\u00a0\u00a0 Discuss\u00e3o e vota\u00e7\u00e3o das proposi\u00e7\u00f5es:</p>\r\n<ul>\r\n<li>Requerimento n.\u00ba 036/25, de autoria do Vereador Claudinei Cust\u00f3dio, que requer Poder Executivo as seguintes informa\u00e7\u00f5es: 1. Informar quanto j\u00e1 foi gasto, at\u00e9 o momento, com a manuten\u00e7\u00e3o do ve\u00edculo Chevrolet Spin, placa RAG6H43, discriminando as notas fiscais e especificando separadamente pe\u00e7as, m\u00e3o de obra e respectivos valores; 2. Esclarecer se j\u00e1 foi realizada a reforma completa (ret\u00edfica) do motor deste ve\u00edculo; 3. Informar a quilometragem atual do ve\u00edculo; 4. Esclarecer qual \u00e9 a destina\u00e7\u00e3o prevista pelo Poder Executivo para o ve\u00edculo Chevrolet Spin, placa RAG6H43.</li>\r\n<li>Requerimento n.\u00ba 037/25, de autoria do Vereador Eduardo Neckel, que requer ao Poder Executivo esclarecimentos acerca da situa\u00e7\u00e3o em que uma m\u00e1quina terceirizada estava realizando o carregamento e abastecimento do britador, enquanto duas escavadeiras hidr\u00e1ulicas pertencentes \u00e0 Prefeitura permaneciam paradas na garagem.</li>\r\n<li>Mo\u00e7\u00e3o n.\u00ba 034/25, de autoria do Vereador Guilherme da Silva, que requer o envio de Mo\u00e7\u00e3o de Aplauso a organiza\u00e7\u00e3o do evento Bom Retiro Invernada Festival.</li>\r\n<li>Mo\u00e7\u00e3o n.\u00ba 035/25, de autoria do Vereador Eduardo Neckel, que requer o envio de Mo\u00e7\u00e3o de Aplauso ao bonretirense Felipe Silveira pelo projeto \u201cOs Tropeiros\u201d.</li>\r\n<li>Indica\u00e7\u00e3o n.\u00ba 126/25, de autoria do Claudinei Cust\u00f3dio, que visa solicitar ao Poder Executivo a disponibiliza\u00e7\u00e3o de um ve\u00edculo de pequeno porte para atender ao transporte de um aluno residente na comunidade de Barreiros.</li>\r\n<li>Indica\u00e7\u00e3o n.\u00ba 127/25, de autoria do Claudinei Cust\u00f3dio, que visa solicitar ao Poder Executivo a realiza\u00e7\u00e3o de reparos na Rua Jo\u00e3o Pires, localizada no bairro S\u00e3o Jos\u00e9, mediante servi\u00e7os de patrolamento e cascalhamento.</li>\r\n<li>Indica\u00e7\u00e3o n.\u00ba 128/25, de autoria do Vereador Josimar Reich, que visa solicitar ao Poder Executivo a realiza\u00e7\u00e3o de cascalhamento em trecho da estrada na localidade da Entrada.</li>\r\n<li>Indica\u00e7\u00e3o n.\u00ba 129/25, de autoria do Vereador Josimar Reich, que visa solicitar ao Poder Executivo a instala\u00e7\u00e3o de um dep\u00f3sito provis\u00f3rio de lixo na rua Ant\u00f4nio Jos\u00e9 Coelho, no bairro Bela Vista.</li>\r\n<li>Indica\u00e7\u00e3o n.\u00ba 130/25, de autoria do Vereador Josimar Reich, que visa solicitar ao Poder Executivo a limpeza das bocas de lobo da Rua Padre Paulo, bem como a substitui\u00e7\u00e3o da tubula\u00e7\u00e3o por tubos de maior di\u00e2metro, incluindo a instala\u00e7\u00e3o de tubula\u00e7\u00e3o no trecho que ainda n\u00e3o disp\u00f5e desse servi\u00e7o.</li>\r\n<li>Indica\u00e7\u00e3o n.\u00ba 131/25, de autoria do Vereador Josimar Reich, que visa solicitar ao Poder Executivo a realiza\u00e7\u00e3o de reparos no portal de acesso \u00e0 cidade, localizado na Avenida Major Generoso.</li>\r\n<li>Indica\u00e7\u00e3o n.\u00ba 132/25, de autoria do Vereador Josimar Reich, que visa solicitar ao Poder a coloca\u00e7\u00e3o de areia nos cal\u00e7amentos das ruas do bairro S\u00e3o Jos\u00e9, a fim de estabilizar as lajotas e melhorar a ader\u00eancia.</li>\r\n<li>Indica\u00e7\u00e3o n.\u00ba 133/25, de autoria do Vereador Josimar Reich, que visa solicitar ao Poder Executivo a revitaliza\u00e7\u00e3o da faixa de pedestres localizada na Av. Major Generoso, em frente a Secretaria Municipal de Sa\u00fade.</li>\r\n<li>Indica\u00e7\u00e3o n.\u00ba 134/25, de autoria do Vereador Jocemar da Silva, que visa solicitar ao Poder Executivo intercess\u00e3o junto \u00e0 CASAN para a imediata retomada e conclus\u00e3o das obras dos passeios p\u00fablicos e da pavimenta\u00e7\u00e3o das vias que foram abertas para a passagem da nova tubula\u00e7\u00e3o de \u00e1gua.</li>\r\n<li>Indica\u00e7\u00e3o n.\u00ba 135/25, de autoria do Vereador Jocemar da Silva, que visa solicitar ao Poder Executivo a realiza\u00e7\u00e3o de levantamento de todas as servid\u00f5es existentes no per\u00edmetro urbano do munic\u00edpio, com a finalidade de, posteriormente, apresentar Projeto de Lei que regulamente tais servid\u00f5es.</li>\r\n<li>Indica\u00e7\u00e3o n.\u00ba 136/25, de autoria do Vereador Eduardo Neckel, que visa solicitar ao Poder Executivo a realiza\u00e7\u00e3o de manuten\u00e7\u00e3o na estrada da localidade de Cambar\u00e1.</li>\r\n<li>Indica\u00e7\u00e3o n.\u00ba 137/25, de autoria do Vereador Eduardo Neckel, que visa solicitar ao Poder Executivo a realiza\u00e7\u00e3o de manuten\u00e7\u00e3o na estrada da localidade de Cost\u00e3o do Frade.</li>\r\n<li>Indica\u00e7\u00e3o n.\u00ba 138/25, de autoria do Vereador Eduardo Neckel, que visa solicitar ao Poder Executivo a realiza\u00e7\u00e3o de manuten\u00e7\u00e3o na estrada da localidade de Rio Frederico.</li>\r\n<li>Indica\u00e7\u00e3o n.\u00ba 139/25, de autoria do Vereador Al\u00e7oni Marinho, que visa solicitar ao Poder Executivo a desobstru\u00e7\u00e3o da rede de esgoto da rua Beliz\u00e1rio Vedes, no bairro S\u00e3o Jos\u00e9.</li>\r\n<li>Indica\u00e7\u00e3o n.\u00ba 140/25, de autoria do Vereador Al\u00e7oni Marinho, que visa solicitar ao Poder Executivo a constru\u00e7\u00e3o de muro na parte dos fundos do Cemit\u00e9rio Municipal, visando concluir o fechamento do per\u00edmetro.</li>\r\n</ul>\r\n<p>\u00a0</p>\r\n<p>\u00a0</p>\r\n<p>6\u00a0\u00a0\u00a0\u00a0\u00a0\u00a0\u00a0\u00a0\u00a0 Palavra livre</p>\r\n<ul>\r\n<li>Claudinei Cust\u00f3dio</li>\r\n<li>Diego Domingues Nunes</li>\r\n<li>Eduardo Neckel</li>\r\n<li>Josimar Reich</li>\r\n</ul>\r\n<p>\u00a0</p>\r\n<p>7\u00a0\u00a0\u00a0\u00a0\u00a0\u00a0\u00a0\u00a0\u00a0 Encerramento</p>", "author_name": "", "version": "1.0", "author_url": "https://www.bomretiro.sc.leg.br/author/adm", "provider_name": "C\u00e2mara de Vereadores de Bom Retiro - SC", "type": "rich"}