{"provider_url": "https://www.bomretiro.sc.leg.br", "title": "Pauta", "html": "<p align=\"center\"><b><span>SESS\u00c3O ORDIN\u00c1RIA 04/08/2025</span></b></p>\r\n<p align=\"center\"><b><span>ORDEM DO DIA</span></b></p>\r\n<p>\u00a0</p>\r\n<p>1\u00a0\u00a0\u00a0\u00a0\u00a0\u00a0\u00a0 Leitura, discuss\u00e3o e vota\u00e7\u00e3o da Ata da Sess\u00e3o anterior.</p>\r\n<p>\u00a0</p>\r\n<p>2\u00a0\u00a0\u00a0\u00a0\u00a0\u00a0\u00a0 Palavra ao Secret\u00e1rio de Administra\u00e7\u00e3o e Fazenda, Jaison Ricardo Stein, em atendimento ao Requerimento n.\u00ba 034/25.</p>\r\n<p>\u00a0</p>\r\n<p>3\u00a0\u00a0\u00a0\u00a0\u00a0\u00a0\u00a0 Divulga\u00e7\u00e3o do Projeto de Lei protocolado:</p>\r\n<ul>\r\n<li>PL n.\u00ba 023/25, disp\u00f5e sobre a prorroga\u00e7\u00e3o do Plano Municipal de Educa\u00e7\u00e3o do munic\u00edpio de Bom Retiro, Santa Catarina, aprovado pela Lei n.\u00ba 2279/2015, de 23/06/15 e alterado pela Lei n.\u00ba 2484/21, de 15/06/21.</li>\r\n</ul>\r\n<p>\u00a0</p>\r\n<p>4\u00a0\u00a0\u00a0\u00a0\u00a0\u00a0\u00a0 Discuss\u00e3o e vota\u00e7\u00e3o dos projetos de lei:</p>\r\n<ul>\r\n<li>PL n.\u00ba 021/25, abre cr\u00e9dito suplementar no or\u00e7amento do Fundo Municipal de Sa\u00fade de Bom Retiro, exerc\u00edcio financeiro de 2025, por anula\u00e7\u00e3o de dota\u00e7\u00e3o.</li>\r\n<li>PL n.\u00ba 022/25, abre cr\u00e9dito suplementar no or\u00e7amento do Fundo Municipal de Sa\u00fade de Bom Retiro, exerc\u00edcio financeiro de 2025, por anula\u00e7\u00e3o de dota\u00e7\u00e3o.</li>\r\n</ul>\r\n<p>5\u00a0\u00a0\u00a0\u00a0\u00a0\u00a0\u00a0 Vota\u00e7\u00e3o das Reda\u00e7\u00f5es Finais:</p>\r\n<ul>\r\n<li>PL n.\u00ba 021/25, abre cr\u00e9dito suplementar no or\u00e7amento do Fundo Municipal de Sa\u00fade de Bom Retiro, exerc\u00edcio financeiro de 2025, por anula\u00e7\u00e3o de dota\u00e7\u00e3o.</li>\r\n<li>PL n.\u00ba 022/25, abre cr\u00e9dito suplementar no or\u00e7amento do Fundo Municipal de Sa\u00fade de Bom Retiro, exerc\u00edcio financeiro de 2025, por anula\u00e7\u00e3o de dota\u00e7\u00e3o.</li>\r\n</ul>\r\n<p>6\u00a0\u00a0\u00a0\u00a0\u00a0\u00a0\u00a0 Discuss\u00e3o e vota\u00e7\u00e3o das proposi\u00e7\u00f5es:</p>\r\n<ul>\r\n<li>Mo\u00e7\u00e3o n.\u00ba 031/25, de autoria do Vereador Donizete An\u00edsio de Lins, que requer o envio de votos de pesar pelo falecimento de P\u00e2mela de Oliveira Lessa.</li>\r\n<li>Mo\u00e7\u00e3o n.\u00ba 032/25, de autoria do Vereador Claudinei Cust\u00f3dio, que requer o envio de Mo\u00e7\u00e3o de Rep\u00fadio \u00e0 atitude do chefe de gabinete Jo\u00e3ozinho Althoff, ocorrida no dia 28 de julho de 2025, por volta das 9h30, quando, inconformado com a opini\u00e3o do Vereador Cl\u00e1udio Bombeiro a respeito de um ve\u00edculo Spin da Secretaria de Sa\u00fade, tentou intimid\u00e1-lo por meio de agress\u00e3o f\u00edsica. Tal conduta configura grave desrespeito \u00e0s prerrogativas do mandato parlamentar, notadamente \u00e0s garantias previstas no Art. 29, inciso VIII, da Constitui\u00e7\u00e3o Federal, sendo inadmiss\u00edvel qualquer tipo de agress\u00e3o dirigida a vereadores ou a qualquer cidad\u00e3o.</li>\r\n<li>Mo\u00e7\u00e3o n.\u00ba 033/25, de autoria do Vereador Guilherme da Silva, que requer o envio de Mo\u00e7\u00e3o de Aplauso ao Deputado Estadual Marcius Machado, pela libera\u00e7\u00e3o de recursos para constru\u00e7\u00e3o de uma quadra poliesportiva na Escola de Ensino M\u00e9dio Valmir Omarques Nunes.</li>\r\n<li>Indica\u00e7\u00e3o n.\u00ba 120/25, de autoria do Vereador Donizete An\u00edsio de Lins, que visa solicitar ao Poder Executivo o conserto das lajotas que cederam, formando um buraco na Avenida 24 de Outubro, nas proximidades do entroncamento com a Avenida Henrique Eduardo Bo\u00ebll.</li>\r\n<li>Indica\u00e7\u00e3o n.\u00ba 121/25, de autoria do Vereador Donizete An\u00edsio de Lins, que visa solicitar ao Poder Executivo o conserto das lajotas que cederam, formando um buraco na Avenida 24 de Outubro, nas proximidades do entroncamento com o loteamento Vista do Sol.</li>\r\n<li>Indica\u00e7\u00e3o n.\u00ba 122/25, de autoria do Vereador Donizete An\u00edsio de Lins, que visa solicitar ao Poder Executivo a realiza\u00e7\u00e3o, em car\u00e1ter de urg\u00eancia, do cascalhamento de um trecho cr\u00edtico da estrada geral da localidade de Cupim.</li>\r\n<li>Indica\u00e7\u00e3o n.\u00ba 123/25, de autoria do Vereador Jocemar da Silva, que visa solicitar ao Poder Executivo a coloca\u00e7\u00e3o de uma galeria em anexo \u00e0 ponte j\u00e1 existente na localidade do Barbaqu\u00e1, situada na estrada geral, na entrada da propriedade do Sr. Valdo Moretti.</li>\r\n<li>Indica\u00e7\u00e3o n.\u00ba 124/25, de autoria do Vereador Diego Domingues Nunes, que visa solicitar ao Poder Executivo a realiza\u00e7\u00e3o de reparos no cal\u00e7amento da Rua Frontino Vieira de Souza.</li>\r\n<li>Indica\u00e7\u00e3o n.\u00ba 125/25, de autoria do Vereador Guilherme da Silva, que visa solicitar ao Poder Executivo a concess\u00e3o de anistia de multa e remiss\u00e3o de juros de cr\u00e9ditos de natureza tribut\u00e1ria, relativos a impostos, taxas, contribui\u00e7\u00e3o de melhoria, e n\u00e3o tribut\u00e1rios, inscritos ou n\u00e3o em d\u00edvida ativa.</li>\r\n</ul>\r\n<p>\u00a0</p>\r\n<p>7\u00a0\u00a0\u00a0\u00a0\u00a0\u00a0\u00a0\u00a0\u00a0 Palavra livre</p>\r\n<ul>\r\n<li>Donizete An\u00edsio de Lins</li>\r\n<li>Eduardo Neckel</li>\r\n<li>Claudinei Cust\u00f3dio</li>\r\n<li>Diego Domingues Nunes</li>\r\n</ul>\r\n<p>\u00a0</p>\r\n<p>8\u00a0\u00a0\u00a0\u00a0\u00a0\u00a0\u00a0\u00a0\u00a0 Encerramento</p>", "author_name": "", "version": "1.0", "author_url": "https://www.bomretiro.sc.leg.br/author/adm", "provider_name": "C\u00e2mara de Vereadores de Bom Retiro - SC", "type": "rich"}