{"provider_url": "https://www.bomretiro.sc.leg.br", "title": "Pauta", "html": "<p align=\"center\"><b><span>SESS\u00c3O ORDIN\u00c1RIA 03/02/2025</span></b></p>\r\n<p align=\"center\"><b><span>ORDEM DO DIA</span></b></p>\r\n<p align=\"center\"><b><span>\u00a0</span></b></p>\r\n<p>\u00a0</p>\r\n<p>1\u00a0\u00a0\u00a0\u00a0\u00a0\u00a0\u00a0 Palavra a Exma. Sra. Prefeita Municipal, Helena Schild de Oliveira, para leitura da mensagem anual.</p>\r\n<p>\u00a0</p>\r\n<p>2\u00a0\u00a0\u00a0\u00a0\u00a0\u00a0\u00a0 Discuss\u00e3o e vota\u00e7\u00e3o das proposi\u00e7\u00f5es:</p>\r\n<ul>\r\n<li>Requerimento n.\u00ba 001/25, de autoria do Vereador Claudinei Cust\u00f3dio, que requer ao Poder Executivo o seguinte: Qual empresa executou os trabalhos na ponte que liga Campo Novo e Para\u00edso da Serra? Qual valor do contrato firmado pelos trabalhos prestados? Tem projeto detalhado para execu\u00e7\u00e3o dos servi\u00e7os? A obra tem garantia? No contrato de presta\u00e7\u00e3o de servi\u00e7o o munic\u00edpio daria uma contrapartida como: m\u00e3o de obra, diesel e maquin\u00e1rio?</li>\r\n<li>Requerimento n.\u00ba 002/25, de autoria do Vereador Claudinei Cust\u00f3dio, que requer ao Poder Executivo o seguinte: Qual valor foi gasto para compra de mudas de flores e insumos para plantio em 14/01/2025? Como foi feito a compra? Os funcion\u00e1rios que l\u00e1 estavam trabalhando iram receber hora com a adicional 100% por se tratar feriado ou receberam em folga atrav\u00e9s banco de horas? Qual o procedimento adquirido pelo executivo para manuten\u00e7\u00e3o daqueles plantios tendo em vista que nossa m\u00e3o de obra est\u00e1 reduzida? Alguma ideia para continuar a repagina\u00e7\u00e3o no per\u00edodo do inverno?</li>\r\n<li>Requerimento n.\u00ba 003/25, de autoria do Vereador Jocemar da Silva, que requer ao Poder Executivo o seguinte: Relat\u00f3rio detalhado dos valores remanescentes em caixa ao final da administra\u00e7\u00e3o anterior (31/12/2024), discriminando os valores ordin\u00e1rios e os valores vinculados, com especifica\u00e7\u00e3o das fontes e finalidades a que os valores vinculados se destinam, incluindo o est\u00e1gio de execu\u00e7\u00e3o de cada uma dessas finalidades; Relat\u00f3rio atualizado do saldo em caixa do munic\u00edpio at\u00e9 o dia 31 de janeiro de 2025, discriminando os valores ordin\u00e1rios e os valores vinculados, com a devida especifica\u00e7\u00e3o das finalidades dos valores vinculados e o andamento das execu\u00e7\u00f5es relacionadas.</li>\r\n<li>Mo\u00e7\u00e3o n.\u00ba 001/25, de autoria do Vereador Josimar Reich, que requer o envio Mo\u00e7\u00e3o de Aplauso ao bonretirense Vilton Luiz Nunes pela sua 19\u00aa participa\u00e7\u00e3o na corrida de S\u00e3o Silvestre.</li>\r\n<li>Indica\u00e7\u00e3o n.\u00ba 001/25, de autoria do Vereador Claudinei Cust\u00f3dio, que visa solicitar ao Poder Executivo municipal a ro\u00e7ada do antigo lix\u00e3o, localizado no bairro Capistrano, bem como nas imedia\u00e7\u00f5es pr\u00f3ximas ao Gin\u00e1sio de Esportes Nenzinho.</li>\r\n</ul>\r\n<p>\u00a0</p>\r\n<p>\u00a0</p>\r\n<p>3\u00a0\u00a0\u00a0\u00a0\u00a0\u00a0\u00a0\u00a0\u00a0 Palavra livre</p>\r\n<ul>\r\n<li>Donizete An\u00edsio de Lins</li>\r\n<li>Eduardo Neckel</li>\r\n<li>Josimar Reich</li>\r\n<li>Claudinei Cust\u00f3dio</li>\r\n</ul>\r\n<p>\u00a0</p>\r\n<p>4\u00a0\u00a0\u00a0\u00a0\u00a0\u00a0\u00a0\u00a0\u00a0 Encerramento</p>", "author_name": "", "version": "1.0", "author_url": "https://www.bomretiro.sc.leg.br/author/adm", "provider_name": "C\u00e2mara de Vereadores de Bom Retiro - SC", "type": "rich"}