{"provider_url": "https://www.bomretiro.sc.leg.br", "title": "Pauta", "html": "<p align=\"center\"><b><span>SESS\u00c3O ORDIN\u00c1RIA 03/06/24</span></b></p>\r\n<p align=\"center\"><b><span>ORDEM DO DIA</span></b></p>\r\n<p align=\"center\"><b><span>\u00a0</span></b></p>\r\n<p>1\u00a0\u00a0\u00a0\u00a0\u00a0\u00a0\u00a0\u00a0\u00a0 Leitura, discuss\u00e3o e vota\u00e7\u00e3o da Ata da Sess\u00e3o anterior.</p>\r\n<p>\u00a0</p>\r\n<p>2\u00a0\u00a0\u00a0\u00a0\u00a0\u00a0\u00a0 Leitura do Projeto de Lei:</p>\r\n<ul>\r\n<li>PL n.\u00ba 018/24, que abre cr\u00e9dito suplementar no or\u00e7amento do Fundo Municipal de Sa\u00fade do munic\u00edpio de Bom Retiro, exerc\u00edcio financeiro de 2024, por anula\u00e7\u00e3o de dota\u00e7\u00e3o.</li>\r\n</ul>\r\n<p>3\u00a0\u00a0\u00a0\u00a0\u00a0\u00a0\u00a0 Leitura, apresenta\u00e7\u00e3o de justificativa e vota\u00e7\u00e3o das proposi\u00e7\u00f5es protocoladas:</p>\r\n<ul>\r\n<li><b>Requerimento n.\u00ba 041/24</b>, de autoria da Vereadora Helena Schild de Oliveira, que solicita ao Poder Executivo o seguinte: Relat\u00f3rio, referente aos meses de setembro de 2023 a dezembro de 2023, contendo os gastos com manuten\u00e7\u00e3o de ve\u00edculos e m\u00e1quinas em oficinas, evidenciando o nome da empresa prestadora do servi\u00e7o, a data da emiss\u00e3o da nota fiscal, o valor gasto e a data em que o munic\u00edpio realizou o pagamento, e que esse relat\u00f3rio seja formulado de forma clara e objetiva.</li>\r\n<li><b>Requerimento n.\u00ba 042/24</b>, de autoria do Vereador Adenir Deucher, que requer informa\u00e7\u00f5es ao Poder Executivo dos motivos que resultaram na averba\u00e7\u00e3o de registro do lote n.\u00ba 03, quadra 2, da rua D, do loteamento Secador, em nome do Sr. Alcides Luiz dos Santos.</li>\r\n<li><b>Mo\u00e7\u00e3o n\u00ba 017/24</b>, de autoria do Vereador Claudinei Cust\u00f3dio, que requer o envio de correspond\u00eancia \u00e0 CELESC solicitando provid\u00eancias em rela\u00e7\u00e3o ao transformador localizado na Rua Rosalino Caetano da Luz, no bairro S\u00e3o Jos\u00e9, que tem apresentado problemas frequentes.</li>\r\n<li><b>Mo\u00e7\u00e3o n\u00ba 018/24</b>, de autoria do Vereador Claudinei Cust\u00f3dio, que requer o envio de correspond\u00eancia \u00e0 Escola de Ensino M\u00e9dio Valmir Omarques Nunes solicitando a libera\u00e7\u00e3o do estacionamento interno durante os eventos neste educand\u00e1rio, momento em que o movimento desta rua se torna intenso, e com a escassez de vagas de estacionamento na regi\u00e3o, isso tem causado transtornos aos participantes e moradores, al\u00e9m de elevar o risco de acidentes.</li>\r\n<li><b>Mo\u00e7\u00e3o n.\u00ba 019/24</b>, de autoria da Vereadora Helena Schild de Oliveira, que requer o envio votos de pesar pelo falecimento do jovem Jos\u00e9 Henrique da Cunha Cabral.</li>\r\n<li><b>Indica\u00e7\u00e3o n.\u00ba 078/24, </b>de autoria do Vereador Claudinei Cust\u00f3dio, que visa solicitar ao Poder Executivo a eleva\u00e7\u00e3o da altura do meio-fio em pontos da Rua Dorval de Macedo, bem como a constru\u00e7\u00e3o de mais uma boca de lobo, aproveitando as obras de pavimenta\u00e7\u00e3o atualmente em andamento na referida rua.</li>\r\n<li><b>Indica\u00e7\u00e3o n.\u00ba 079/24, </b>de autoria do Vereador Claudinei Cust\u00f3dio, que visa solicitar ao Poder Executivo a realiza\u00e7\u00e3o de reparo na rede de esgoto na Rua Beliz\u00e1rio Capistrano da Cunha, no bairro S\u00e3o Jos\u00e9.</li>\r\n<li><b>Indica\u00e7\u00e3o n.\u00ba 080/24, </b>de autoria do Vereador Claudinei Cust\u00f3dio, que visa solicitar ao Poder Executivo a realiza\u00e7\u00e3o de reparo na rede de esgoto rua Ant\u00f4nio Jos\u00e9 Coelho.</li>\r\n<li><b>Indica\u00e7\u00e3o n.\u00ba 081/24</b>, de autoria da Vereadora Helena Schild de Oliveira, que visa solicitar ao Poder Executivo a realiza\u00e7\u00e3o de reparo na rede de esgoto rua Jo\u00e3o Te\u00f3filo Deucher, nas proximidades do loteamento Nova Morada.</li>\r\n<li><b>Indica\u00e7\u00e3o n.\u00ba 082/24</b>, de autoria da Vereadora Helena Schild de Oliveira, que visa solicitar ao Poder Executivo o cascalhamento urgente do trecho da estrada que liga as comunidades de Cambar\u00e1 e Figueiredo, tendo em vista sua condi\u00e7\u00e3o prec\u00e1ria e as dificuldades enfrentadas pelos moradores da regi\u00e3o para trafegar pelo local.</li>\r\n<li><b>Indica\u00e7\u00e3o n.\u00ba 083/24</b>, de autoria do Vereador Fernando Borges Silveira, que visa solicitar ao Poder Executivo o alargamento da estrada da localidade de Cost\u00e3ozinho.</li>\r\n<li><b>Indica\u00e7\u00e3o n.\u00ba 084/24</b>, de autoria do Vereador Fernando Borges Silveira, que visa solicitar ao Poder Executivo o cascalhamento do trecho da Rua Ant\u00f4nio Mariano da Silva com a Rua Jo\u00e3o Faustino da Mota, no Bairro Capistrano.</li>\r\n<li><b>Indica\u00e7\u00e3o n.\u00ba 085/24</b>, de autoria do Vereador Adenir Deucher, que visa solicitar ao Poder Executivo ado\u00e7\u00e3o de provid\u00eancias para o acendimento da ilumina\u00e7\u00e3o do Centro Poliesportivo Arno Oscar Meyer nos finais de semana e feriados, possibilitando a utiliza\u00e7\u00e3o deste espa\u00e7o durante esses per\u00edodos e para garantir a seguran\u00e7a dos frequentadores e estimular a pr\u00e1tica esportiva.</li>\r\n<li><b>Indica\u00e7\u00e3o n.\u00ba 086/24</b>, de autoria do Vereador Adenir Deucher, que visa solicitar ao Poder Executivo a recupera\u00e7\u00e3o do cal\u00e7amento da rua Martinho Cascaes, nas proximidades da empresa Moto Deucher.</li>\r\n</ul>\r\n<p>\u00a0</p>\r\n<p>4\u00a0\u00a0\u00a0\u00a0\u00a0\u00a0\u00a0\u00a0\u00a0 Palavra livre</p>\r\n<ul>\r\n<li>Claudinei Cust\u00f3dio</li>\r\n</ul>\r\n<p>\u00a0</p>\r\n<p>5\u00a0\u00a0\u00a0\u00a0\u00a0\u00a0\u00a0\u00a0\u00a0 Encerramento</p>", "author_name": "", "version": "1.0", "author_url": "https://www.bomretiro.sc.leg.br/author/adm", "provider_name": "C\u00e2mara de Vereadores de Bom Retiro - SC", "type": "rich"}