{"provider_url": "https://www.bomretiro.sc.leg.br", "title": "PAUTA", "html": "<p align=\"center\"><b><span>SESS\u00c3O ORDIN\u00c1RIA 18-09-23</span></b></p>\r\n<p align=\"center\">ORDEM DO DIA:</p>\r\n<p>1\u00a0\u00a0\u00a0\u00a0\u00a0 Leitura, discuss\u00e3o e vota\u00e7\u00e3o da Ata da Sess\u00e3o anterior.</p>\r\n<p>\u00a0</p>\r\n<p>2\u00a0\u00a0\u00a0\u00a0\u00a0 Retirada pelo Executivo dos PLS: 007/23 que altera os artigos 23 e 24 da lei complementar 04/2004 e d\u00e1 outras provid\u00eancias; e 008/23 que altera os artigos 13 e 14 da lei complementar 03/2004 e d\u00e1 outras provid\u00eancias;</p>\r\n<p>\u00a0</p>\r\n<p>3\u00a0\u00a0\u00a0\u00a0\u00a0\u00a0\u00a0 Leitura, apresenta\u00e7\u00e3o de justificativa e vota\u00e7\u00e3o das proposi\u00e7\u00f5es protocoladas:</p>\r\n<ul>\r\n<li>Requerimento n.\u00ba 048/23, de autoria do Vereador Claudinei Cust\u00f3dio, que requer as seguintes informa\u00e7\u00f5es ao Poder Executivo: 1 - Qual \u00e9 o estado atual da limpeza da tubula\u00e7\u00e3o na Rua Frontino Vieira de Souza e se ela atende aos requisitos necess\u00e1rios para garantir o funcionamento adequado do sistema de drenagem pluvial? 2 - Informa\u00e7\u00f5es sobre a data da \u00faltima limpeza realizada na referida tubula\u00e7\u00e3o; 3 - Por fim, que o Poder Executivo informe se h\u00e1 um cronograma estabelecido para futuras opera\u00e7\u00f5es de limpeza e manuten\u00e7\u00e3o da tubula\u00e7\u00e3o na Rua Frontino Vieira de Souza. Em caso positivo, encaminhar o referido cronograma.</li>\r\n<li>Mo\u00e7\u00e3o n.\u00ba 027/23, de autoria do Vereador Paulo Cesar Moraes, que requer o envio de expediente a CELESC para manifestar a necessidade premente de designa\u00e7\u00e3o de funcion\u00e1rios adicionais para atuar na opera\u00e7\u00e3o e manuten\u00e7\u00e3o da infraestrutura el\u00e9trica no munic\u00edpio de Bom Retiro, pois a crescente demanda por energia el\u00e9trica e a extensa malha de linhas de distribui\u00e7\u00e3o de energia em nossa regi\u00e3o t\u00eam gerado desafios significativos para a manuten\u00e7\u00e3o, opera\u00e7\u00e3o e atendimento das instala\u00e7\u00f5es el\u00e9tricas, tornando imprescind\u00edvel a aloca\u00e7\u00e3o de recursos humanos adicionais para garantir a continuidade e a qualidade do servi\u00e7o prestado.</li>\r\n<li>Mo\u00e7\u00e3o n. 028/23, de autoria da Vereadora Helena Schild de Oliveira, que requer o envio de votos de pesar pelo falecimento do Sr. Sr. Pedro Celeste Gorges.</li>\r\n<li>Indica\u00e7\u00e3o n.\u00ba 099/23, de autoria do Vereador Claudinei Cust\u00f3dio, que visa solicitar ao Poder Executivo a instala\u00e7\u00e3o de uma rede de esgoto na Avenida Henrique Eduardo Boell, nas proximidades da Madeireira Rossini, e, de imediato, a realiza\u00e7\u00e3o da limpeza do esgoto a c\u00e9u aberto no local at\u00e9 a conclus\u00e3o dessa a\u00e7\u00e3o.</li>\r\n<li>Indica\u00e7\u00e3o n.\u00ba 100/23, de autoria do Vereador Adenir Deucher, que visa solicitar ao Poder Executivo a coloca\u00e7\u00e3o de mesas em quantidade adequada na \u00e1rea destinada a alimenta\u00e7\u00e3o dos alunos que frequentam o Centro de Educa\u00e7\u00e3o Infantil Alosir Moretti.</li>\r\n<li>Indica\u00e7\u00e3o n.\u00ba 101/23, de autoria do Vereador Adenir Deucher, que visa solicitar ao Poder Executivo, atrav\u00e9s da Vigil\u00e2ncia Sanit\u00e1ria, a realiza\u00e7\u00e3o de an\u00e1lise da \u00e1gua distribu\u00edda no distrito de Canoas, com o objetivo de avaliar a qualidade, assegurando sua potabilidade e proporcionando tranquilidade aos moradores desta comunidade.</li>\r\n<li>Indica\u00e7\u00e3o n.\u00ba 102/23, de autoria do Vereador Adenir Deucher, que visa solicitar ao Poder Executivo o desentupimento de bueiro na rua Carlos Souza, no bairro S\u00e3o Jos\u00e9, nas proximidades da resid\u00eancia do Sr. Gal\u00f3ia.</li>\r\n</ul>\r\n<p>\u00a0</p>\r\n<p>4\u00a0\u00a0\u00a0\u00a0\u00a0\u00a0\u00a0 Palavra livre aos Vereadores inscritos.</p>\r\n<ul>\r\n<li>Adenir Deucher</li>\r\n<li>Claudinei Cust\u00f3dio</li>\r\n</ul>\r\n<p>\u00a0</p>\r\n<p>5\u00a0\u00a0\u00a0\u00a0\u00a0\u00a0\u00a0 Encerramento.</p>", "author_name": "", "version": "1.0", "author_url": "https://www.bomretiro.sc.leg.br/author/adm", "provider_name": "C\u00e2mara de Vereadores de Bom Retiro - SC", "type": "rich"}