{"provider_url": "https://www.bomretiro.sc.leg.br", "title": "Ordem do Dia", "html": "<p align=\"center\"><b><span>SESS\u00c3O ORDIN\u00c1RIA 11-09-23</span></b></p>\r\n<p align=\"center\">ORDEM DO DIA:</p>\r\n<p>1\u00a0\u00a0\u00a0\u00a0\u00a0\u00a0\u00a0 Leitura, discuss\u00e3o e vota\u00e7\u00e3o da Ata da Sess\u00e3o anterior.</p>\r\n<p>2\u00a0\u00a0\u00a0\u00a0\u00a0\u00a0\u00a0\u00a0\u00a0 Palavra a Representante a representante da Associa\u00e7\u00e3o Bonretirense de Amparo Animal para explanar sobre o abandono de animais.</p>\r\n<p>\u00a0</p>\r\n<p>3\u00a0\u00a0\u00a0\u00a0\u00a0\u00a0\u00a0\u00a0\u00a0 Palavra ao Sr. Maycon Cechinel Nunes, Gestor Regional de Departamento da Cidasc em S\u00e3o Joaquim para apresenta\u00e7\u00e3o das a\u00e7\u00f5es regionais da empresa.</p>\r\n<p>\u00a0</p>\r\n<p>4\u00a0\u00a0\u00a0\u00a0\u00a0\u00a0\u00a0\u00a0\u00a0 Leitura dos Projetos de Lei que deram entrada na Mesa,</p>\r\n<p>\u00a0</p>\r\n<ul>\r\n<li>PLC n.\u00ba 007/23que altera os artigos 23 e 24 da lei complementar 04/2004 e d\u00e1 outras provid\u00eancias;</li>\r\n<li>PLC n.\u00ba 008/23 que altera os artigos 13 e 14 da lei complementar 03/2004 e d\u00e1 outras provid\u00eancias;</li>\r\n<li>PLC n. 010/23que disp\u00f5e sobre a regulamenta\u00e7\u00e3o da assist\u00eancia financeira complementar repassada pela Uni\u00e3o federal visando dar cumprimento ao disposto na lei federal n. 14.434 de 04 de agosto de 2022 que instituiu o piso salarial nacional do enfermeiro, t\u00e9cnico de enfermagem, do auxiliar de enfermagem e da parteira.</li>\r\n</ul>\r\n<p>\u00a0</p>\r\n<p>5\u00a0\u00a0\u00a0\u00a0\u00a0\u00a0\u00a0 Leitura, apresenta\u00e7\u00e3o de justificativa e vota\u00e7\u00e3o da proposi\u00e7\u00e3o protocolada:</p>\r\n<ul>\r\n<li>Requerimento n.\u00ba 047/23, de autoria do Vereador Adenir Deucher, que requer a convoca\u00e7\u00e3o da Secret\u00e1ria Municipal de Sa\u00fade para explanar sobre os efeitos decorrentes da promulga\u00e7\u00e3o do Decreto Municipal n.\u00ba 059/23 nas a\u00e7\u00f5es da \u00e1rea da sa\u00fade, especialmente em rela\u00e7\u00e3o a redu\u00e7\u00e3o da disponibilidade de medicamentos fornecidos \u00e0 popula\u00e7\u00e3o, fisioterapia, transporte de pacientes e sobre a realiza\u00e7\u00e3o de exames laboratoriais, de imagem e outros no \u00e2mbito do munic\u00edpio.</li>\r\n</ul>\r\n<p>\u00a0</p>\r\n<p>\u00a0</p>\r\n<p>6\u00a0\u00a0\u00a0\u00a0\u00a0\u00a0\u00a0 Palavra livre aos Vereadores inscritos.</p>\r\n<ul>\r\n<li>Claudinei Cust\u00f3dio</li>\r\n</ul>\r\n<p>\u00a0</p>\r\n<p>7\u00a0\u00a0\u00a0\u00a0\u00a0\u00a0\u00a0 Encerramento.</p>", "author_name": "", "version": "1.0", "author_url": "https://www.bomretiro.sc.leg.br/author/adm", "provider_name": "C\u00e2mara de Vereadores de Bom Retiro - SC", "type": "rich"}