{"provider_url": "https://www.bomretiro.sc.leg.br", "title": "Ordem do Dia", "html": "<p align=\"center\"><b><span>SESS\u00c3O ORDIN\u00c1RIA 04/09/2023</span></b></p>\r\n<p align=\"center\">ORDEM DO DIA:</p>\r\n<p>1\u00a0\u00a0\u00a0\u00a0\u00a0\u00a0\u00a0 Leitura, discuss\u00e3o e vota\u00e7\u00e3o da Ata da Sess\u00e3o anterior.</p>\r\n<p>2\u00a0\u00a0\u00a0\u00a0\u00a0\u00a0\u00a0\u00a0\u00a0 Palavra ao Representante do Sindicato dos Servidores P\u00fablicos Municipais de Bom Retiro, Guilherme Deucher, nos termos da Resolu\u00e7\u00e3o n\u00b0 02/2003, que institui a Tribuna Livre.</p>\r\n<p>\u00a0</p>\r\n<p>3\u00a0\u00a0\u00a0\u00a0\u00a0\u00a0\u00a0\u00a0\u00a0 Palavra ao Sr. Maycon Cechinel Nunes, Gestor Regional de Departamento da Cidasc em S\u00e3o Joaquim para apresenta\u00e7\u00e3o das a\u00e7\u00f5es regionais da empresa.</p>\r\n<p>\u00a0</p>\r\n<p>4\u00a0\u00a0\u00a0\u00a0\u00a0\u00a0\u00a0\u00a0\u00a0 Leitura do Projeto que deu entrada na Mesa,</p>\r\n<ul>\r\n<li>\u00a0PL 019/2023, que autoriza o Poder Executivo a promover leil\u00e3o para alienar sucatas consideradas inserv\u00edveis e de propriedade da Prefeitura Municipal e d\u00e1 outras provid\u00eancias.</li>\r\n</ul>\r\n<p>\u00a0</p>\r\n<p>5\u00a0\u00a0\u00a0\u00a0\u00a0\u00a0\u00a0 Leitura, apresenta\u00e7\u00e3o de justificativa e vota\u00e7\u00e3o das proposi\u00e7\u00f5es protocoladas:</p>\r\n<ul>\r\n<li>Requerimento n.\u00ba 042/23, de autoria do Vereador Claudinei Cust\u00f3dio, que requer ao Poder Executivo as seguintes informa\u00e7\u00f5es sobre o ve\u00edculo Ambul\u00e2ncia, Placas QJR 3358, de propriedade da Prefeitura Municipal: Valor gasto com a ret\u00edfica do motor da ambul\u00e2ncia (pe\u00e7as e m\u00e3o de obra) e a data em que foi realizado esse servi\u00e7o; C\u00f3pia da nota fiscal das pe\u00e7as trocadas quando foi realizada a ret\u00edfica do motor da citada ambul\u00e2ncia; Valor gasto para substitui\u00e7\u00e3o do virabrequim ap\u00f3s a ret\u00edfica do motor da referida ambul\u00e2ncia, assim como a data que foi realizada essa troca; Relat\u00f3rio detalhado de todos os gastos relacionados \u00e0 manuten\u00e7\u00e3o mec\u00e2nica desta ambul\u00e2ncia desde sua aquisi\u00e7\u00e3o at\u00e9 a presente data.</li>\r\n</ul>\r\n<p>\u00a0</p>\r\n<ul>\r\n<li>Requerimento n.\u00ba 043/2023, de autoria do Vereador Claudinei Cust\u00f3dio, que requer ao Poder Executivo as seguintes informa\u00e7\u00f5es: 1 - Motivo pelo qual o rolo compactador de propriedade da Prefeitura tem permanecido estacionado em frente \u00e0 oficina por v\u00e1rios meses. 2 - Raz\u00f5es pelas quais o referido equipamento n\u00e3o est\u00e1 sendo empregado para auxiliar na recupera\u00e7\u00e3o das estradas do munic\u00edpio.</li>\r\n<li>Requerimento n.\u00b0 044/2023, de autoria da Vereadora Helena Schild de Oliveira, que requer ao Poder Executivo o seguinte: 1. Relat\u00f3rio, referente ao exerc\u00edcio de 2022, contendo os gastos com manuten\u00e7\u00e3o de ve\u00edculos e m\u00e1quinas em oficinas, evidenciando o nome da empresa prestadora do servi\u00e7o, a data da emiss\u00e3o da nota fiscal, o valor e a data em que o munic\u00edpio realizou o pagamento, e que esse relat\u00f3rio seja formulado de forma clara e objetiva.</li>\r\n<li>Requerimento n.\u00b0 045/2023, de autoria da Vereadora Helena Schild de Oliveira, que requer ao Poder Executivo, o seguinte: A apresenta\u00e7\u00e3o de um relat\u00f3rio abrangente que detalhe os cargos comissionados atualmente existentes no quadro de pessoal da Prefeitura Municipal, os respectivos vencimentos, identificando quais destes cargos est\u00e3o ocupados e que esses dados sejam organizados por secretaria; Relat\u00f3rio do montante despendido pela Prefeitura Municipal mensalmente para manter os cargos comissionados; Informa\u00e7\u00f5es sobre as inten\u00e7\u00f5es da Prefeitura Municipal para redu\u00e7\u00e3o do n\u00famero de cargos comissionados em raz\u00e3o da atual crise financeira, quais cargos ser\u00e3o reduzidos, qual ser\u00e1 o impacto financeiro dessas redu\u00e7\u00f5es, e quais cargos ser\u00e3o mantidos, juntamente com as raz\u00f5es para a manuten\u00e7\u00e3o desses cargos.</li>\r\n<li>Requerimento n.\u00b0 046/2023, de autoria da Adenir Deucher, que requer ao Poder Executivo, o seguinte: 1 - C\u00f3pia de todos os documentos elaborados pela Prefeitura Municipal relacionados a iniciativa de promover a ratifica\u00e7\u00e3o das divisas do Munic\u00edpio, em especial, nas localidades de Guarda Velha, Cost\u00e3ozinho e Barbaqu\u00e1.</li>\r\n<li>Mo\u00e7\u00e3o n.\u00b0 025/2023, de autoria do Vereador Adenir Deucher, que requer o encaminhamento de of\u00edcio a CELESC para solicitar uma revis\u00e3o completa nos postes de energia el\u00e9trica, em parceria com as empresas de telecomunica\u00e7\u00e3o locat\u00e1rias, a fim de identificar e remover os fios excedentes ou em desuso, contribuindo para a seguran\u00e7a e para redu\u00e7\u00e3o da polui\u00e7\u00e3o visual.</li>\r\n<li>Mo\u00e7\u00e3o n.\u00b0 026/2023, de autoria do Vereador Adenir Deucher, que envie votos de pesar pelo falecimento da Sra. Iria Menegaz Neckel.</li>\r\n<li>Indica\u00e7\u00e3o n.\u00ba 094/23, de autoria do Vereador Claudinei Cust\u00f3dio, para solicitar o cascalhamento da rua Garibaldi Andrade Vieira, no bairro S\u00e3o Jos\u00e9.</li>\r\n<li>Indica\u00e7\u00e3o n.\u00ba 095/23, de autoria do Vereador Claudinei Cust\u00f3dio, para solicitar reparos na tubula\u00e7\u00e3o pluvial da rua Carlos /Souza, no bairro S\u00e3o Jos\u00e9.</li>\r\n<li>Indica\u00e7\u00e3o n.\u00ba 096/23, de autoria do Vereador Claudinei Cust\u00f3dio, solicitar a realiza\u00e7\u00e3o de reparos na estrada que liga Guarda Velha ao Cost\u00e3ozinho.</li>\r\n<li>Indica\u00e7\u00e3o n.\u00ba 097/23, de autoria do Vereador Claudinei Cust\u00f3dio, solicitar reparos na ilumina\u00e7\u00e3o p\u00fablica da rua Walfredo Kunn, na liga\u00e7\u00e3o com a rua Rosalino Caetano da Luz.</li>\r\n<li>Indica\u00e7\u00e3o n.\u00ba 098/23, de autoria da Vereadora Helena Schild de Oliveira, solicitar que o equipamento Bobcat adquirido recentemente pela Prefeitura seja utilizado para limpeza das ruas, com intuito de tornar a varri\u00e7\u00e3o vi\u00e1ria mais eficiente e \u00e1gil.</li>\r\n</ul>\r\n<p>6\u00a0\u00a0\u00a0\u00a0\u00a0\u00a0\u00a0 Palavra livre aos Vereadores inscritos.</p>\r\n<ul>\r\n<li>S\u00e9rgio Adriano Kreuch da Rosa</li>\r\n<li>Paulo Cesar Moraes</li>\r\n<li>Adenir Deucher</li>\r\n<li>Claudinei Cust\u00f3dio</li>\r\n</ul>\r\n<p>\u00a0</p>\r\n<p>7\u00a0\u00a0\u00a0\u00a0\u00a0\u00a0\u00a0 Encerramento.</p>", "author_name": "", "version": "1.0", "author_url": "https://www.bomretiro.sc.leg.br/author/adm", "provider_name": "C\u00e2mara de Vereadores de Bom Retiro - SC", "type": "rich"}