{"provider_url": "https://www.bomretiro.sc.leg.br", "title": "Ordem do Dia", "html": "<p>1\u00a0\u00a0\u00a0\u00a0\u00a0\u00a0\u00a0 Leitura, discuss\u00e3o e vota\u00e7\u00e3o da Ata da Sess\u00e3o anterior.</p>\r\n<p>\u00a0</p>\r\n<p>2\u00a0\u00a0\u00a0\u00a0\u00a0\u00a0\u00a0 Leitura do Projeto de Lei n.\u00ba 001/22, de autoria do Vereador Adenir Deucher, que autoriza o Poder Executivo a Realizar a Remo\u00e7\u00e3o de Ve\u00edculos Abandonados em Logradouros P\u00fablicos no \u00c2mbito do Munic\u00edpio de Bom Retiro \u2013 SC.</p>\r\n<p>\u00a0</p>\r\n<p>3\u00a0\u00a0\u00a0\u00a0\u00a0\u00a0\u00a0 Discuss\u00e3o e vota\u00e7\u00e3o do Projeto de Lei n.\u00ba 004/22, que Fixa Valores para Di\u00e1rias de Viagens do Pessoal da Prefeitura Municipal de Bom Retiro.</p>\r\n<p>\u00a0</p>\r\n<p>4\u00a0\u00a0\u00a0\u00a0\u00a0\u00a0\u00a0 Discuss\u00e3o e vota\u00e7\u00e3o do Projeto de Lei n.\u00ba 006/22, que Abre Cr\u00e9dito Especial no Or\u00e7amento do Munic\u00edpio de Bom Retiro, Exerc\u00edcio Financeiro de 2022, pelo Super\u00e1vit do Exerc\u00edcio Anterior.</p>\r\n<p>\u00a0</p>\r\n<p>5\u00a0\u00a0\u00a0\u00a0\u00a0\u00a0\u00a0 Vota\u00e7\u00e3o da Reda\u00e7\u00e3o Final do PL n.\u00ba 004/22.</p>\r\n<p>\u00a0</p>\r\n<p>6\u00a0\u00a0\u00a0\u00a0\u00a0\u00a0\u00a0 Vota\u00e7\u00e3o da Reda\u00e7\u00e3o Final do PL n.\u00ba 006/22.</p>\r\n<p>\u00a0</p>\r\n<p align=\"left\">7\u00a0\u00a0\u00a0\u00a0\u00a0\u00a0\u00a0 Leitura, apresenta\u00e7\u00e3o de justificativa e vota\u00e7\u00e3o das proposi\u00e7\u00f5es protocoladas:</p>\r\n<p align=\"left\">\u00a0</p>\r\n<ul>\r\n<li>Requerimento n.\u00ba 010/22, de autoria do Vereador Adenir Deucher, que requer ao Poder Executivo o seguinte: 1 \u2013 Relat\u00f3rio, mensal, dos medicamentos comprados pela Secretaria Municipal de Sa\u00fade, contendo o nome do rem\u00e9dio, quantidade adquirida, valor unit\u00e1rio e total, para distribui\u00e7\u00e3o pelas farm\u00e1cias dos postos de sa\u00fade, referente aos anos de 2020 e 2021; 2 \u2013 Relat\u00f3rio, mensal, dos medicamentos comprados pela Secretaria Municipal de Sa\u00fade, contendo o nome do rem\u00e9dio, quantidade adquirida, valor unit\u00e1rio e total, junto as farm\u00e1cias particulares para distribui\u00e7\u00e3o a popula\u00e7\u00e3o, referente aos anos de 2020 e 2021.</li>\r\n<li>Indica\u00e7\u00e3o n.\u00ba 052/22, de autoria do Vereador Paulo Cesar Moraes, que visa solicitar ao Poder Executivo a realiza\u00e7\u00e3o de reparos no acesso a propriedade do Sr. Jos\u00e9 Ricardo Thives Branco, na localidade de Figueiredo.</li>\r\n<li>Indica\u00e7\u00e3o n.\u00ba 053/22, de autoria do Vereador Claudinei Cust\u00f3dio, que visa solicitar ao Poder Executivo ado\u00e7\u00e3o de provid\u00eancias para cascalhamento da Rua Gentil Vieira Borges.</li>\r\n<li>Indica\u00e7\u00e3o n.\u00ba 054/22, de autoria do Vereador Claudinei Cust\u00f3dio, que visa solicitar ao Poder Executivo ado\u00e7\u00e3o de provid\u00eancias junto a Casan para reassentamento das lajotas retiradas pela referida empresa em obra executada na Av. Majoro Generoso, no Bairro S\u00e3o Jos\u00e9.</li>\r\n<li>Indica\u00e7\u00e3o n.\u00ba 055/22, de autoria do Vereador Claudinei Cust\u00f3dio, que visa solicitar ao Poder Executivo ado\u00e7\u00e3o de provid\u00eancias para instala\u00e7\u00e3o de uma lixeira ao lado do abrigo de passageiros localizado nas imedia\u00e7\u00f5es do Destacamento de Pol\u00edcia Militar.</li>\r\n<li>Indica\u00e7\u00e3o n.\u00ba 056/22, de autoria da Vereadora Helena Schild de Oliveira, que visa solicitar ao Poder Executivo a cria\u00e7\u00e3o do Conselho Municipal de Seguran\u00e7a P\u00fablica.</li>\r\n<li>Indica\u00e7\u00e3o n.\u00ba 057/22, de autoria da Vereadora Helena Schild de Oliveira, que visa solicitar ao Poder Executivo a manuten\u00e7\u00e3o da estrada entre as comunidades de Cambar\u00e1 e Figueiredo.</li>\r\n<li>Indica\u00e7\u00e3o n.\u00ba 058/22, de autoria da Vereadora Helena Schild de Oliveira, que visa solicitar ao Poder Executivo a instala\u00e7\u00e3o de um dep\u00f3sito provis\u00f3rio de lixo na localidade de Guarda Velha.</li>\r\n</ul>\r\n<p>\u00a0</p>\r\n<p>\u00a0</p>\r\n<p>8\u00a0\u00a0\u00a0\u00a0\u00a0\u00a0\u00a0 Palavra livre</p>\r\n<ul>\r\n<li>Paulo Cesar Moraes</li>\r\n</ul>\r\n<p>\u00a0</p>\r\n<p>9\u00a0\u00a0\u00a0\u00a0\u00a0\u00a0\u00a0 Encerramento</p>", "author_name": "", "version": "1.0", "author_url": "https://www.bomretiro.sc.leg.br/author/adm", "provider_name": "C\u00e2mara de Vereadores de Bom Retiro - SC", "type": "rich"}