{"provider_url": "https://www.bomretiro.sc.leg.br", "title": "Ordem do Dia", "html": "<p align=\"center\"><b><span>SESS\u00c3O ORDIN\u00c1RIA 28/08/2023</span></b><b></b></p>\r\n<p align=\"center\">ORDEM DO DIA:</p>\r\n<p>1\u00a0\u00a0\u00a0\u00a0\u00a0\u00a0\u00a0 Leitura, discuss\u00e3o e vota\u00e7\u00e3o da Ata da Sess\u00e3o anterior.</p>\r\n<p>\u00a0</p>\r\n<p>2\u00a0\u00a0\u00a0\u00a0\u00a0\u00a0\u00a0 Palavra a Secret\u00e1ria Municipal de Administra\u00e7\u00e3o e Fazenda, M\u00e1rcia Marisa Hemkmaier Fernandes para, em atendimento ao Requerimento n.\u00ba 038/23, explanar sobre o decreto n.\u00ba 059/23, que disp\u00f5e sobre a ado\u00e7\u00e3o de medidas administrativas para conten\u00e7\u00e3o de despesas na administra\u00e7\u00e3o p\u00fablica municipal, assim como sobre as finan\u00e7as da Prefeitura Municipal de Bom Retiro.</p>\r\n<p>\u00a0</p>\r\n<p>3\u00a0\u00a0\u00a0\u00a0\u00a0\u00a0\u00a0 Leitura do projeto que deu entrada na Mesa</p>\r\n<p>\u00a0</p>\r\n<ul>\r\n<li>PL n.\u00ba 021/23, que abre cr\u00e9dito suplementar no or\u00e7amento do munic\u00edpio de Bom Retiro, exerc\u00edcio financeiro de 2023, por anula\u00e7\u00e3o de dota\u00e7\u00e3o e prov\u00e1vel excesso de arrecada\u00e7\u00e3o.\u00a0</li>\r\n</ul>\r\n<p>\u00a0</p>\r\n<p align=\"left\">4\u00a0\u00a0\u00a0\u00a0\u00a0\u00a0\u00a0 Leitura, apresenta\u00e7\u00e3o de justificativa e vota\u00e7\u00e3o das proposi\u00e7\u00f5es protocoladas:</p>\r\n<p>PL n.\u00ba 017/23, que ratifica as altera\u00e7\u00f5es realizadas no protocolo de inten\u00e7\u00f5es consubstanciado no contrato do Cons\u00f3rcio P\u00fablico da Ag\u00eancia Reguladora Intermunicipal de Saneamento (ARIS) e d\u00e1 outras provid\u00eancias;</p>\r\n<p>Emenda Modificativa n.\u00ba 001/23, ao PL n.\u00ba 020/23, que modifica o Art. 1\u00ba.</p>\r\n<p>PL n.\u00ba 020/23, que abre cr\u00e9dito especial no or\u00e7amento do Fundo Municipal do Idoso, o qual comp\u00f5e o Fundo Municipal de Assist\u00eancia Social do munic\u00edpio de Bom Retiro, exerc\u00edcio financeiro de 2023, pelo super\u00e1vit do exerc\u00edcio anterior e pelo excesso de arrecada\u00e7\u00e3o.</p>\r\n<p>PL n.\u00ba 021/23, que abre cr\u00e9dito suplementar no or\u00e7amento do munic\u00edpio de Bom Retiro, exerc\u00edcio financeiro de 2023, por anula\u00e7\u00e3o de dota\u00e7\u00e3o e prov\u00e1vel excesso de arrecada\u00e7\u00e3o.\u00a0</p>\r\n<p align=\"left\">\u00a0</p>\r\n<p align=\"left\">5\u00a0\u00a0\u00a0\u00a0\u00a0\u00a0\u00a0 Vota\u00e7\u00e3o das Reda\u00e7\u00f5es Finais:</p>\r\n<p>\u00a0</p>\r\n<ul>\r\n<li>PL n.\u00ba 017/23, que ratifica as altera\u00e7\u00f5es realizadas no protocolo de inten\u00e7\u00f5es consubstanciado no contrato do Cons\u00f3rcio P\u00fablico da Ag\u00eancia Reguladora Intermunicipal de Saneamento (ARIS) e d\u00e1 outras provid\u00eancias;</li>\r\n<li>PL n.\u00ba 020/23, que abre cr\u00e9dito especial no or\u00e7amento do Fundo Municipal do Idoso, o qual comp\u00f5e o Fundo Municipal de Assist\u00eancia Social do munic\u00edpio de Bom Retiro, exerc\u00edcio financeiro de 2023, pelo super\u00e1vit do exerc\u00edcio anterior e pelo excesso de arrecada\u00e7\u00e3o.</li>\r\n<li>PL n.\u00ba 021/23, que abre cr\u00e9dito suplementar no or\u00e7amento do munic\u00edpio de Bom Retiro, exerc\u00edcio financeiro de 2023, por anula\u00e7\u00e3o de dota\u00e7\u00e3o e prov\u00e1vel excesso de arrecada\u00e7\u00e3o.\u00a0</li>\r\n</ul>\r\n<p>\u00a0</p>\r\n<p align=\"left\">6\u00a0\u00a0\u00a0\u00a0\u00a0\u00a0\u00a0 Leitura, apresenta\u00e7\u00e3o de justificativa e vota\u00e7\u00e3o das proposi\u00e7\u00f5es protocoladas:</p>\r\n<ul>\r\n<li>Requerimento n.\u00ba 031/23, de autoria do Vereador Adenir Deucher, que requer o envio de convite a representante da Associa\u00e7\u00e3o Bonretirense de Amparo Animal para explanar sobre o abandono de animais.</li>\r\n<li>Indica\u00e7\u00e3o n.\u00ba 091/23, de autoria do Vereador Sergio Adriano Kreuch da Rosa, que visa solicitar ao Poder Executivo a reforma da ponte pr\u00f3xima a propriedade do Sr. Daniel da Cruz, no Paraiso da Serra.</li>\r\n<li>Indica\u00e7\u00e3o n\u00b0 092/23, de autoria do Vereador Adenir Deucher, que visa solicitar a limpeza de boca de lobo na rua 14 de Janeiro, nas proximidades do n\u00famero 210.</li>\r\n<li>Indica\u00e7\u00e3o n\u00b0 093/23, de autoria da Vereadora Helena Schild de Oliveira, que visa solicitar ao Poder Executivo a elabora\u00e7\u00e3o de projeto urban\u00edstico do trevo da BR 282 de acesso a Bom Retiro, com intuito de promover melhorias substanciais no acesso, na sinaliza\u00e7\u00e3o, na ilumina\u00e7\u00e3o e no aspecto paisag\u00edstico desse trevo.</li>\r\n</ul>\r\n<p>\u00a0</p>\r\n<p>7\u00a0\u00a0\u00a0\u00a0\u00a0\u00a0\u00a0 Palavra livre</p>\r\n<ul>\r\n<li>Sergio Adriano Kreuch da Rosa</li>\r\n<li>Paulo Cesar Moraes</li>\r\n<li>Adenir Deucher</li>\r\n<li>Claudinei Cust\u00f3dio</li>\r\n</ul>\r\n<p>\u00a0</p>\r\n<p>\u00a0</p>\r\n<p>8\u00a0\u00a0\u00a0\u00a0\u00a0\u00a0\u00a0 Encerramento</p>", "author_name": "", "version": "1.0", "author_url": "https://www.bomretiro.sc.leg.br/author/adm", "provider_name": "C\u00e2mara de Vereadores de Bom Retiro - SC", "type": "rich"}