{"provider_url": "https://www.bomretiro.sc.leg.br", "title": "Ordem do Dia", "html": "<p>\u00a0</p>\r\n<p>1\u00a0\u00a0\u00a0\u00a0\u00a0\u00a0\u00a0 Leitura, discuss\u00e3o e vota\u00e7\u00e3o da Ata da Sess\u00e3o anterior.</p>\r\n<p>\u00a0</p>\r\n<p>2\u00a0\u00a0\u00a0\u00a0\u00a0\u00a0\u00a0 Leitura dos projetos que deram entrada na Mesa</p>\r\n<p>\u00a0</p>\r\n<ul>\r\n<li>PL n.\u00ba 017/23, que Ratifica as altera\u00e7\u00f5es realizadas no protocolo de inten\u00e7\u00f5es consubstanciado no contrato do Cons\u00f3rcio P\u00fablico da Ag\u00eancia Reguladora Intermunicipal de Saneamento (ARIS) e d\u00e1 outras provid\u00eancias;</li>\r\n<li>PL n.\u00ba 018/23, que Regulamenta o uso dos cemit\u00e9rios municipais, estabelece tarifas e pre\u00e7o p\u00fablico pelo uso e d\u00e1 outras provid\u00eancias;</li>\r\n<li>PL n.\u00ba 020/23, que Abre cr\u00e9dito especial no or\u00e7amento do Fundo Municipal do Idoso, o qual comp\u00f5e o Fundo Municipal de Assist\u00eancia Social do munic\u00edpio de Bom Retiro, exerc\u00edcio financeiro de 2023, pelo super\u00e1vit do exerc\u00edcio anterior e pelo excesso de arrecada\u00e7\u00e3o.</li>\r\n</ul>\r\n<p>\u00a0</p>\r\n<p align=\"left\">3\u00a0\u00a0\u00a0\u00a0\u00a0\u00a0\u00a0 Leitura, apresenta\u00e7\u00e3o de justificativa e vota\u00e7\u00e3o das proposi\u00e7\u00f5es protocoladas:</p>\r\n<p align=\"left\">\u00a0</p>\r\n<ul>\r\n<li>Indica\u00e7\u00e3o n.\u00ba 089/23, de autoria do Vereador Jos\u00e9 Alfeu Ferreira, que visa solicitar ao Poder Executivo o cascalhamento e patrolamento da rua Jo\u00e3o Francisco Rodrigues, no bairro S\u00e3o Jos\u00e9.</li>\r\n<li>Indica\u00e7\u00e3o n\u00b0 090/23, de autoria do Vereador Adenir Deucher, que visa solicitar ao Poder Executivo a formaliza\u00e7\u00e3o de parceria com os apicultores do Munic\u00edpio para manuten\u00e7\u00e3o das estradas de acesso \u00e0s \u00e1reas de produ\u00e7\u00e3o ap\u00edcola e escoamento dos produtos.</li>\r\n</ul>\r\n<p>\u00a0</p>\r\n<p>\u00a0</p>\r\n<p>4\u00a0\u00a0\u00a0\u00a0\u00a0\u00a0\u00a0 Palavra livre</p>\r\n<ul>\r\n<li>Paulo Cesar Moraes</li>\r\n<li>Adenir Deucher</li>\r\n<li>Claudinei Cust\u00f3dio</li>\r\n</ul>\r\n<p>\u00a0</p>\r\n<p>\u00a0</p>\r\n<p>5\u00a0\u00a0\u00a0\u00a0\u00a0\u00a0\u00a0 Encerramento</p>\r\n<p>\u00a0</p>", "author_name": "", "version": "1.0", "author_url": "https://www.bomretiro.sc.leg.br/author/adm", "provider_name": "C\u00e2mara de Vereadores de Bom Retiro - SC", "type": "rich"}