{"provider_url": "https://www.bomretiro.sc.leg.br", "title": "Ordem do Dia", "html": "<p align=\"center\">ORDEM DO DIA:</p>\r\n<p>1\u00a0\u00a0\u00a0\u00a0\u00a0\u00a0\u00a0 Leitura, discuss\u00e3o e vota\u00e7\u00e3o da Ata da Sess\u00e3o anterior.</p>\r\n<p>\u00a0</p>\r\n<p>2\u00a0\u00a0\u00a0\u00a0\u00a0\u00a0\u00a0 Entrega da Mo\u00e7\u00e3o de Aplauso aos atletas Tain\u00e1 da Luz Gon\u00e7alves de S\u00e1 e Alex Pedro pela conquista no Torneio Internacional Mega Open de Taekwondo, assim como a equipe do Centro de Refer\u00eancia da Assist\u00eancia Social por apoiar a pr\u00e1tica deste esporte atrav\u00e9s de suas oficinas.</p>\r\n<p>\u00a0</p>\r\n<p>3\u00a0\u00a0\u00a0\u00a0\u00a0\u00a0\u00a0 Discuss\u00e3o e vota\u00e7\u00e3o dos projetos de lei e emendas:</p>\r\n<ul>\r\n<li>PL n.\u00ba 007/23, que disp\u00f5e sobre a ajuda de custo para pessoas portadoras de necessidades especiais do munic\u00edpio de Bom Retiro e d\u00e1 outras provid\u00eancias.</li>\r\n<li>Emendas ao PL n.\u00ba 012/23: Supressiva n.\u00ba 001/23; Modificativa n.\u00ba 001/23; Modificativa n.\u00ba 002/23; Modificativa n.\u00ba 003/23; e Modificativa n.\u00ba 004/23.</li>\r\n<li>PL n.\u00ba 012/23, que disp\u00f5e sobre as diretrizes or\u00e7ament\u00e1rias para a elabora\u00e7\u00e3o da lei or\u00e7ament\u00e1ria para o exerc\u00edcio de 2024 e d\u00e1 outras provid\u00eancias.</li>\r\n<li>PL n.\u00ba 014/23, que altera dispositivos da Lei n.\u00ba 2429/19, que disciplina a realiza\u00e7\u00e3o de servi\u00e7os a particulares com m\u00e1quinas, equipamentos e implementos do munic\u00edpio, estabelece os valores e forma de cobran\u00e7a, e d\u00e1 outras provid\u00eancias.</li>\r\n<li>PL n.\u00ba 015/23, que introduz modifica\u00e7\u00f5es no Art. 3\u00ba da Lei n.\u00ba 1410/97, que institui o Conselho Municipal de Sa\u00fade;</li>\r\n<li>PL n.\u00ba 003/23, que d\u00e1 nomenclatura a quadra de grama sint\u00e9tica anexa ao Centro Poliesportivo Arno Oscar Meyer.</li>\r\n</ul>\r\n<p>\u00a0</p>\r\n<p>\u00a0</p>\r\n<p align=\"left\">4\u00a0\u00a0\u00a0\u00a0\u00a0\u00a0\u00a0 Leitura, apresenta\u00e7\u00e3o de justificativa e vota\u00e7\u00e3o das proposi\u00e7\u00f5es protocoladas:</p>\r\n<ul>\r\n<li>Requerimento n.\u00ba 037/23, de autoria do Vereador Adenir Deucher, que requer ao Poder Executivo o cronograma de pagamento \u00e0 empresa Marcos da Cruz \u2013 ME, relativo \u00e0 aquisi\u00e7\u00e3o de lajotas utilizadas na pavimenta\u00e7\u00e3o de ruas.</li>\r\n<li>Mo\u00e7\u00e3o n.\u00ba 023/23 de autoria da Vereadora Helena Schild de Oliveira, que requer o envio de Mo\u00e7\u00e3o de Aplauso ao produtor de queijo artesanal serrana, Air de Agostinho Zanelato, pela conquista da medalha de ouro no VI Pr\u00eamio Queijo Brasil.</li>\r\n<li>Mo\u00e7\u00e3o n.\u00ba 024/23 de autoria do Vereador Adenir Deucher, que requer o envio de Mo\u00e7\u00e3o de Aplauso ao Corpo de Bombeiros de Bom Retiro pela atua\u00e7\u00e3o durante a ocorr\u00eancia de inc\u00eandio, no \u00faltimo s\u00e1bado, no bairro S\u00e3o Jos\u00e9.</li>\r\n<li>Indica\u00e7\u00e3o n.\u00ba 085/23, de autoria da Vereadora Helena Schild de Oliveira, que visa solicitar ao Poder Executivo a inclus\u00e3o de dispositivo no novo Plano Diretor para proibir o carregamento de toras nas estradas p\u00fablicas do interior do munic\u00edpio.</li>\r\n<li>Indica\u00e7\u00e3o n.\u00ba 086/23, de autoria da Vereadora Helena Schild de Oliveira, que visa solicitar ao Poder Executivo que as c\u00e2meras de monitoramento da prefeitura sejam instaladas nos postes de ilumina\u00e7\u00e3o da cidade, pois as c\u00e2meras instaladas em postes met\u00e1licos est\u00e3o sendo constantemente furtadas.</li>\r\n</ul>\r\n<p>\u00a0</p>\r\n<p>\u00a0</p>\r\n<p>5\u00a0\u00a0\u00a0\u00a0\u00a0\u00a0\u00a0 Palavra livre</p>\r\n<ul>\r\n<li>Helena Schild de Oliveira</li>\r\n<li>Claudinei Cust\u00f3dio</li>\r\n</ul>\r\n<p>\u00a0</p>\r\n<p>6\u00a0\u00a0\u00a0\u00a0\u00a0\u00a0\u00a0 Encerramento</p>\r\n<p>\u00a0</p>", "author_name": "", "version": "1.0", "author_url": "https://www.bomretiro.sc.leg.br/author/adm", "provider_name": "C\u00e2mara de Vereadores de Bom Retiro - SC", "type": "rich"}