{"provider_url": "https://www.bomretiro.sc.leg.br", "title": "Ordem do Dia", "html": "<p>\u00a0</p>\r\n<p>1\u00a0\u00a0\u00a0\u00a0\u00a0\u00a0\u00a0 Leitura, discuss\u00e3o e vota\u00e7\u00e3o da Ata da Sess\u00e3o anterior.</p>\r\n<p>\u00a0</p>\r\n<p>2\u00a0\u00a0\u00a0\u00a0\u00a0\u00a0\u00a0 Leitura dos projetos de lei:</p>\r\n<ul>\r\n<li>PL n.\u00ba 015/23, que introduz modifica\u00e7\u00f5es no Art. 3\u00ba da Lei n.\u00ba 1410/97, que institui o Conselho Municipal de Sa\u00fade;</li>\r\n<li>PL n.\u00ba 016/23, que define e regulamenta os benef\u00edcios eventuais no \u00e2mbito da pol\u00edtica municipal de assist\u00eancia social, que trata o Art. 22, da lei federal n.\u00ba 8.742/93, para benef\u00edcios eventuais da pol\u00edtica municipal de assist\u00eancia social, de acordo com a lei 1.349/96 e d\u00e1 outras provid\u00eancias;</li>\r\n<li>PL n.\u00ba 003/23, que d\u00e1 nomenclatura a quadra de grama sint\u00e9tica anexa ao Centro Poliesportivo Arno Oscar Meyer.</li>\r\n</ul>\r\n<p>\u00a0</p>\r\n<p>3\u00a0\u00a0\u00a0\u00a0\u00a0\u00a0\u00a0 Discuss\u00e3o e vota\u00e7\u00e3o da Reda\u00e7\u00e3o Final do PL n.\u00ba 006/23, que disp\u00f5e sobre a cria\u00e7\u00e3o de cargos de car\u00e1ter comissionado, fixa respectivo vencimento, altera n\u00famero de vagas de recepcionista e agente municipal de Defesa Civil na estrutura administrativa da Prefeitura Municipal de Bom Retiro e d\u00e1 outras provid\u00eancias</p>\r\n<p>\u00a0</p>\r\n<p align=\"left\">4\u00a0\u00a0\u00a0\u00a0\u00a0\u00a0\u00a0 Leitura, apresenta\u00e7\u00e3o de justificativa e vota\u00e7\u00e3o das proposi\u00e7\u00f5es protocoladas:</p>\r\n<ul>\r\n<li>Requerimento n.\u00ba 034/23, de autoria da Vereadora Helena Schild de Oliveira, que requer ao Poder Executivo as seguintes informa\u00e7\u00f5es: 1 - Rela\u00e7\u00e3o dos medicamentos distribu\u00eddos atrav\u00e9s da farm\u00e1cia b\u00e1sica nas unidades de sa\u00fade do Munic\u00edpio, referente aos exerc\u00edcios de 2022 e 2023, destacando a quantidade distribu\u00edda, m\u00eas a m\u00eas, e o valor gasto individualizado por m\u00eas e por medica\u00e7\u00e3o; 2 - Rela\u00e7\u00e3o de todos os medicamentos autorizados pela Secretaria Municipal de Sa\u00fade para serem adquiridos diretamente nas farm\u00e1cias e que n\u00e3o fazem parte dos medicamentos distribu\u00eddos atrav\u00e9s da farm\u00e1cia b\u00e1sica nas unidades de sa\u00fade do Munic\u00edpio, referente aos exerc\u00edcios de 2022 e 2023, destacando a quantidade distribu\u00edda, m\u00eas a m\u00eas, e o valor individualizado gasto por m\u00eas com cada medica\u00e7\u00e3o e os crit\u00e9rios utilizados pela pasta para concess\u00e3o desta autoriza\u00e7\u00e3o.</li>\r\n<li>Requerimento n.\u00ba 035/23, de autoria do Vereador Paulo Cesar Moraes, que requer ao Poder Executivo a notifica\u00e7\u00e3o dos propriet\u00e1rios de reflorestamentos para que obede\u00e7am aos recuos estabelecidos no Art. 184 da Lei Org\u00e2nica Municipal.</li>\r\n<li>Requerimento n.\u00ba 036/23, de autoria do Vereador Adenir Deucher, que requer a Celesc as seguintes informa\u00e7\u00f5es: 1 - Quantas unidades consumidoras de energia existem em Bom Retiro, e dessas, quantas pagam a COSIP (Contribui\u00e7\u00e3o para o Custeio do Servi\u00e7o de Ilumina\u00e7\u00e3o P\u00fablica)? 2 \u2013 Relat\u00f3rio contendo o valor arrecadado pelo Munic\u00edpio de Bom Retiro nos meses de janeiro a junho de 2023 referente a COSIP.</li>\r\n<li>Mo\u00e7\u00e3o n.\u00ba 020/23 de autoria do Vereador Daniel Sangaletti, que requer o envio de Mo\u00e7\u00e3o de Aplauso a equipe de futsal R&amp;C Schlemper / H&amp;S FC pela conquista da VI edi\u00e7\u00e3o da Copa Municipal de Futsal.</li>\r\n<li>Mo\u00e7\u00e3o n.\u00ba 021/23 de autoria da Vereadora Helena Schild de Oliveira, que requer o envio de Mo\u00e7\u00e3o de Aplauso aos atletas Tain\u00e1 da Luz Gon\u00e7alves de S\u00e1 e Alex Pedro pela conquista no Torneio Internacional Mega Open de Taekwondo, assim como a equipe do Centro de Refer\u00eancia da Assist\u00eancia Social por apoiar a pr\u00e1tica deste esporte atrav\u00e9s de suas oficinas.</li>\r\n<li>Mo\u00e7\u00e3o n.\u00ba 022/23, de autoria do Vereador Paulo Cesar Moraes, que requer o envio de votos de pesar pelo falecimento do Sr. Judas Tadeu Andrade.</li>\r\n<li>Indica\u00e7\u00e3o n.\u00ba 083/23, de autoria do Vereador Claudinei Cust\u00f3dio, que visa solicitar ao Poder Executivo o conserto da rede de esgoto da Carlos Souza, no bairro S\u00e3o Jos\u00e9.\u00a0</li>\r\n<li>Indica\u00e7\u00e3o n.\u00ba 084/23, de autoria do Vereador Al\u00e7oni Marinho, que visa solicitar ao Poder Executivo a implanta\u00e7\u00e3o de uma faixa elevada de pedestres na Av. Major Generoso, defronte a Prefeitura Municipal.</li>\r\n</ul>\r\n<p>\u00a0</p>\r\n<p>\u00a0</p>\r\n<p>5\u00a0\u00a0\u00a0\u00a0\u00a0\u00a0\u00a0 Palavra livre</p>\r\n<ul>\r\n<li>Paulo Cesar Moraes</li>\r\n<li>Claudinei Cust\u00f3dio</li>\r\n<li>Adenir Deucher</li>\r\n</ul>\r\n<p>\u00a0</p>\r\n<p>6\u00a0\u00a0\u00a0\u00a0\u00a0\u00a0\u00a0 Encerramento</p>\r\n<p>\u00a0</p>", "author_name": "", "version": "1.0", "author_url": "https://www.bomretiro.sc.leg.br/author/adm", "provider_name": "C\u00e2mara de Vereadores de Bom Retiro - SC", "type": "rich"}