{"provider_url": "https://www.bomretiro.sc.leg.br", "title": "Ordem do Dia", "html": "<p align=\"center\"><b><span>SESS\u00c3O ORDIN\u00c1RIA 15/05/23</span></b></p>\r\n<p align=\"center\">ORDEM DO DIA:</p>\r\n<p>1\u00a0\u00a0\u00a0\u00a0\u00a0\u00a0\u00a0 Leitura, discuss\u00e3o e vota\u00e7\u00e3o da Ata da Sess\u00e3o anterior.</p>\r\n<p>\u00a0</p>\r\n<p>\u00a0</p>\r\n<p>2\u00a0\u00a0\u00a0\u00a0\u00a0\u00a0\u00a0 Leitura do PL n.\u00ba 012/23, que disp\u00f5e sobre as diretrizes or\u00e7ament\u00e1rias para a elabora\u00e7\u00e3o da lei or\u00e7ament\u00e1ria para o exerc\u00edcio de 2024 e d\u00e1 outras provid\u00eancias.</p>\r\n<p>\u00a0</p>\r\n<p>3\u00a0\u00a0\u00a0\u00a0\u00a0\u00a0\u00a0 Discuss\u00e3o e vota\u00e7\u00e3o do <b>PL N\u00b0 011/2023 \u2013</b> Autoriza o executivo municipal a realizar o parcelamento de d\u00edvidas junto ao INSS de glosas de compensa\u00e7\u00e3o realizadas indevidamente GEFIP, junto a receita federal do Brasil, na forma a seguir especificada, e d\u00e1 outras provid\u00eancias.</p>\r\n<p align=\"left\">\u00a0</p>\r\n<p align=\"left\">4\u00a0\u00a0\u00a0\u00a0\u00a0\u00a0\u00a0 Vota\u00e7\u00e3o da Reda\u00e7\u00e3o Final do PL 011/23.</p>\r\n<p align=\"left\">\u00a0</p>\r\n<p align=\"left\">5\u00a0\u00a0\u00a0\u00a0\u00a0\u00a0\u00a0 Leitura, apresenta\u00e7\u00e3o de justificativa e vota\u00e7\u00e3o das proposi\u00e7\u00f5es protocoladas:</p>\r\n<p>\u00a0</p>\r\n<ul>\r\n<li>Requerimento n.\u00ba 021/23, de autoria do Vereador Adenir Deucher, que requer o envio de convite aos integrantes da Patrulha Rural da Pol\u00edcia Militar para comparecer \u00e0 essa Casa para explanar sobre o funcionamento do referido programa.</li>\r\n</ul>\r\n<p>\u00a0</p>\r\n<ul>\r\n<li>Indica\u00e7\u00e3o n.\u00ba 052/23, de autoria do Vereador Adenir Deucher, que visa solicitar ao Poder Executivo provid\u00eancias para o embelezamento e a limpeza da Av. Henrique Eduardo Boell.</li>\r\n</ul>\r\n<p>\u00a0</p>\r\n<ul>\r\n<li>Indica\u00e7\u00e3o n.\u00ba 053/23, de autoria do Vereador Adenir Deucher, que visa solicitar ao Poder Executivo provid\u00eancias para limpeza peri\u00f3dica da Av. 24 de Outubro.</li>\r\n</ul>\r\n<p>\u00a0</p>\r\n<ul>\r\n<li>Indica\u00e7\u00e3o n.\u00ba 054/23, de autoria do Vereador Adenir Deucher, que visa solicitar ao Poder Executivo provid\u00eancias a instala\u00e7\u00e3o de sinaliza\u00e7\u00e3o luminosa e sonora para pedestres no sem\u00e1foro localizado na Av. 24 de Outubro.</li>\r\n</ul>\r\n<p>\u00a0</p>\r\n<p>\u00a0</p>\r\n<p>6\u00a0\u00a0\u00a0\u00a0\u00a0\u00a0\u00a0 Palavra livre</p>\r\n<ul>\r\n<li>Claudinei Cust\u00f3dio</li>\r\n</ul>\r\n<p>\u00a0</p>\r\n<p>7\u00a0\u00a0\u00a0\u00a0\u00a0\u00a0\u00a0 Encerramento</p>", "author_name": "", "version": "1.0", "author_url": "https://www.bomretiro.sc.leg.br/author/adm", "provider_name": "C\u00e2mara de Vereadores de Bom Retiro - SC", "type": "rich"}