{"provider_url": "https://www.bomretiro.sc.leg.br", "title": "Ordem do Dia", "html": "<p align=\"center\"><b><span>SESS\u00c3O ORDIN\u00c1RIA 02/05/23</span></b></p>\r\n<p align=\"center\">ORDEM DO DIA:</p>\r\n<p>1\u00a0\u00a0\u00a0\u00a0\u00a0\u00a0\u00a0 Leitura, discuss\u00e3o e vota\u00e7\u00e3o da Ata da Sess\u00e3o anterior.</p>\r\n<p>\u00a0</p>\r\n<p>\u00a0</p>\r\n<p align=\"left\">2\u00a0\u00a0\u00a0\u00a0\u00a0\u00a0\u00a0 Leitura, apresenta\u00e7\u00e3o de justificativa e vota\u00e7\u00e3o das proposi\u00e7\u00f5es protocoladas:</p>\r\n<p>\u00a0</p>\r\n<ul>\r\n<li>Requerimento n.\u00ba 014/23, de autoria do Vereador Claudinei Cust\u00f3dio, que requer a convoca\u00e7\u00e3o do Secret\u00e1rio Municipal Ind\u00fastria, Com\u00e9rcio e Turismo para explanar o seguinte: Como anda o processo de adequa\u00e7\u00e3o para efetiva implanta\u00e7\u00e3o da \u00e1rea industrial, tamanho do terreno, o valor de compra e o atual valor de mercado, o n\u00famero e tamanho dos lotes que ser\u00e3o disponibilizados, assim como se j\u00e1 existem empresas interessadas na \u00e1rea e quais a\u00e7\u00f5es o Executivo est\u00e1 desenvolvendo visando atrair a instala\u00e7\u00e3o de empresas neste espa\u00e7o; Realiza\u00e7\u00e3o da XV Festa Estadual do Churrasco; e as a\u00e7\u00f5es da Secretaria Municipal de Ind\u00fastria, Com\u00e9rcio e Turismo para o desenvolvimento do setor tur\u00edstico, da ind\u00fastria e com\u00e9rcio.</li>\r\n</ul>\r\n<p>\u00a0</p>\r\n<ul>\r\n<li>Requerimento n.\u00ba 015/23, de autoria do Vereador Adenir Deucher, que requer a Mesa da C\u00e2mara o envio de convite a representante da SICRED para comparecer a essa Casa para explanar sobre a instala\u00e7\u00e3o de uma ag\u00eancia desta Cooperativa em Bom Retiro.</li>\r\n</ul>\r\n<p>\u00a0</p>\r\n<ul>\r\n<li>Requerimento n.\u00ba 016/23, de autoria do Vereador Adenir Deucher, que requer ao Poder Executivo relat\u00f3rio contendo os dias e o hor\u00e1rios em que o lixo \u00e9 recolhido no Bairro Capistrano, bem como informa\u00e7\u00f5es sobre recentes problemas que tenham ocorrido neste cronograma e que possam ter gerado reclama\u00e7\u00f5es por parte dos moradores.</li>\r\n</ul>\r\n<p>\u00a0</p>\r\n<ul>\r\n<li>Requerimento n.\u00ba 017/23, de autoria da Vereadora Helena Schild de Oliveira, que requer as seguintes informa\u00e7\u00f5es em rela\u00e7\u00e3o aos R$ 100.000,00 (cem mil reais) repassados ao munic\u00edpio, atrav\u00e9s da emenda parlamentar do Deputado Estadual Volnei Weber, para pavimenta\u00e7\u00e3o de parte da serra de acesso a comunidade de Paraiso da Serra: 1 - O referido recurso j\u00e1 foi utilizado para aquisi\u00e7\u00e3o de materiais para pavimenta\u00e7\u00e3o de parte da via citada. Em caso positivo, pe\u00e7o que sejam detalhados o material adquirido e a quantidade, bem como o local onde esses materiais est\u00e3o depositados. No entanto, caso esses materiais tenham sido utilizados para outras a\u00e7\u00f5es, solicito a apresenta\u00e7\u00e3o de uma justificativa e a indica\u00e7\u00e3o dos locais onde foram utilizados; 2 - Em rela\u00e7\u00e3o \u00e0 n\u00e3o execu\u00e7\u00e3o da obra de pavimenta\u00e7\u00e3o da serra de acesso ao Paraiso da Serra, requer a apresenta\u00e7\u00e3o de justificativa para tal fato, assim como exposi\u00e7\u00e3o de motivos do recurso ter sido utilizado para outra finalidade, e que essa circunst\u00e2ncia seja justificada e que seja indicada a legisla\u00e7\u00e3o que a Prefeitura se baseou para utilizar esses recursos em outra obra e n\u00e3o na execu\u00e7\u00e3o da pavimenta\u00e7\u00e3o da serra; e 3 - Por fim, requer c\u00f3pia do referido conv\u00eanio, assim como de todos os documentos pertinentes ao repasse da emenda parlamentar e \u00e0 utiliza\u00e7\u00e3o do recurso.</li>\r\n</ul>\r\n<p>\u00a0</p>\r\n<ul>\r\n<li>Mo\u00e7\u00e3o n.\u00ba 007/23, de autoria dos Vereadores Helena Schild de Oliveira e Jos\u00e9 Alfeu Ferreira, que requer o envio de votos de pesar pelo falecimento do ex-Vereador Vilmar Pires.</li>\r\n</ul>\r\n<p>\u00a0</p>\r\n<ul>\r\n<li>Mo\u00e7\u00e3o n.\u00ba 008/23, de autoria do Vereador Jos\u00e9 Alfeu Ferreira, que requer o envio de votos de pesar pelo falecimento do Sr. Zildo Costa.</li>\r\n</ul>\r\n<p>\u00a0</p>\r\n<ul>\r\n<li>Mo\u00e7\u00e3o n.\u00ba 009/23, de autoria da Vereadora Helena Schild de Oliveira, que requer o envio de votos de pesar pelo falecimento da professora municipal Joelma Josyane Farias</li>\r\n</ul>\r\n<p>\u00a0</p>\r\n<ul>\r\n<li>Indica\u00e7\u00e3o n.\u00ba 048/23, de autoria do Vereador Adenir Deucher, que visa solicitar ao Poder Executivo ado\u00e7\u00e3o de provid\u00eancias urgentes para instala\u00e7\u00e3o de tubula\u00e7\u00e3o pluvial na rua Jorge Lacerda, pr\u00f3ximo ao n\u00famero 1771, a fim de evitar que as \u00e1guas das chuvas entrem nas resid\u00eancias deste logradouro.</li>\r\n</ul>\r\n<p>\u00a0</p>\r\n<ul>\r\n<li>Indica\u00e7\u00e3o n.\u00ba 049/23, de autoria do Vereador Adenir Deucher, que visa solicitar ao Poder Executivo a concess\u00e3o de apoio financeiro ao Projeto Ginga, que oferece aulas de capoeira para crian\u00e7as e jovens em nossa comunidade.</li>\r\n</ul>\r\n<p>\u00a0</p>\r\n<p>\u00a0</p>\r\n<p>3\u00a0\u00a0\u00a0\u00a0\u00a0\u00a0\u00a0 Palavra livre</p>\r\n<ul>\r\n<li>Paulo Cesar Moraes</li>\r\n<li>Adenir Deucher</li>\r\n</ul>\r\n<p>\u00a0</p>\r\n<p>4\u00a0\u00a0\u00a0\u00a0\u00a0\u00a0\u00a0 Encerramento</p>", "author_name": "", "version": "1.0", "author_url": "https://www.bomretiro.sc.leg.br/author/adm", "provider_name": "C\u00e2mara de Vereadores de Bom Retiro - SC", "type": "rich"}