{"provider_url": "https://www.bomretiro.sc.leg.br", "title": "Ordem do Dia", "html": "<p align=\"center\"><b><span>SESS\u00c3O EXTRAORDIN\u00c1RIA 18/04/23</span></b></p>\r\n<p align=\"center\">ORDEM DO DIA:</p>\r\n<p>1\u00a0\u00a0\u00a0\u00a0\u00a0\u00a0\u00a0 Leitura, discuss\u00e3o e vota\u00e7\u00e3o da Ata da Sess\u00e3o anterior.</p>\r\n<p>\u00a0</p>\r\n<p>\u00a02\u00a0\u00a0\u00a0\u00a0\u00a0\u00a0\u00a0 Leitura Discuss\u00e3o e vota\u00e7\u00e3o do projeto de Decreto do Legislado n\u00ba 001/23 \u00a0que concede licen\u00e7a m\u00e9dica ao prefeito municipal de bom retiro.</p>\r\n<p>\u00a0 </p>\r\n<p>3\u00a0\u00a0\u00a0\u00a0\u00a0\u00a0\u00a0 Encerramento</p>", "author_name": "", "version": "1.0", "author_url": "https://www.bomretiro.sc.leg.br/author/adm", "provider_name": "C\u00e2mara de Vereadores de Bom Retiro - SC", "type": "rich"}