{"provider_url": "https://www.bomretiro.sc.leg.br", "title": "Ordem do Dia", "html": "<p align=\"center\"><b><span>SESS\u00c3O ORDIN\u00c1RIA 06/03/23</span></b></p>\r\n<p align=\"center\">ORDEM DO DIA:</p>\r\n<p>1\u00a0\u00a0\u00a0\u00a0\u00a0\u00a0\u00a0 Leitura, discuss\u00e3o e vota\u00e7\u00e3o da Ata da Sess\u00e3o anterior.</p>\r\n<p>\u00a0</p>\r\n<p align=\"left\">2\u00a0\u00a0\u00a0\u00a0\u00a0\u00a0\u00a0 Parecer Pr\u00e9vio do TCE / SC sobre as Contas da Prefeitura Municipal de Bom Retiro, relativas ao Exerc\u00edcio de 2021.</p>\r\n<p>\u00a0</p>\r\n<p align=\"left\">3\u00a0\u00a0\u00a0\u00a0\u00a0\u00a0\u00a0 Leitura of\u00edcio n.\u00ba 042/23, do Poder Executivo, que requer a retirada do PL n.\u00ba 02/23.</p>\r\n<p align=\"left\">\u00a0</p>\r\n<p align=\"left\">4\u00a0\u00a0\u00a0\u00a0\u00a0\u00a0\u00a0 Leitura, apresenta\u00e7\u00e3o de justificativa e vota\u00e7\u00e3o das proposi\u00e7\u00f5es protocoladas:</p>\r\n<ul>\r\n<li>Requerimento n.\u00ba 006/23, de autoria do Vereador Adenir Deucher, que requer o envio de convite a representante do Banco do Brasil em Bom Retiro para explanar sobre o atendimento ao p\u00fablico prestado por essa ag\u00eancia banc\u00e1ria.</li>\r\n<li>Requerimento n.\u00ba 006/23, de autoria do Vereador Adenir Deucher, que requer ao Poder Executivo informa\u00e7\u00f5es detalhadas sobre o andamento do conv\u00eanio firmado, no ano de 2021, com o Governo do Estado de Santa Catarina e que previa a constru\u00e7\u00e3o, atrav\u00e9s do Programa SC Mais Moradia, de 15 unidades habitacionais no munic\u00edpio de Bom Retiro, assim como noticiar se houve repasse de recursos e o local de constru\u00e7\u00e3o destas casas.</li>\r\n<li>Mo\u00e7\u00e3o n.\u00ba 003/23, de autoria da Vereadora Helena Schild de Oliveira, que requer o envio de Mo\u00e7\u00e3o de Aplausos a Deputada Federal e Secret\u00e1ria de Estado da Sa\u00fade, Carmen Zanotto, pela san\u00e7\u00e3o da Lei <a href=\"http://normas.leg.br/?urn=urn:lex:br:federal:lei:2022-09-02;14443\" target=\"_blank\">14.443/2022</a>, de sua autoria, que permite a realiza\u00e7\u00e3o de laqueadura e vasectomia sem a necessidade de autoriza\u00e7\u00e3o do c\u00f4njuge, possibilitando mais liberdade e autonomia para decidir sobre o planejamento familiar e a realiza\u00e7\u00e3o de procedimentos cir\u00fargicos.</li>\r\n<li>Indica\u00e7\u00e3o n.\u00ba 017/23, de autoria do Vereador Daniel Sangaletti, que visa solicitar ao Poder Executivo o conserto de bueiro na estrada da localidade de Serra dos Lorenzi, pr\u00f3ximo a propriedade do Sr. Adenilson Sangaletti.</li>\r\n<li>Indica\u00e7\u00e3o n.\u00ba 018/23, de autoria do Vereador Daniel Sangaletti, que visa solicitar ao Poder Executivo a recupera\u00e7\u00e3o do cal\u00e7amento da Rua Frontino Vieira de Souza, a fim de garantir a seguran\u00e7a e o bem-estar dos moradores e de todos aqueles que transitam por ela.</li>\r\n<li>Indica\u00e7\u00e3o n.\u00ba 019/23, de autoria do Vereador Jos\u00e9 Alfeu Ferreira, que visa solicitar ao Poder Executivo o cascalhamento e patrolamento da rua Beliz\u00e1rio Vedes, no Bairro S\u00e3o Jos\u00e9.</li>\r\n<li>Indica\u00e7\u00e3o n.\u00ba 020/23, de autoria do Vereador Jos\u00e9 Alfeu Ferreira, que visa solicitar ao Poder Executivo o cal\u00e7amento da Rua Sebasti\u00e3o B.A. da Silva, no Bairro S\u00e3o Jos\u00e9.</li>\r\n<li>Indica\u00e7\u00e3o n.\u00ba 021/23, de autoria do Vereador Jos\u00e9 Alfeu Ferreira, que visa solicitar ao Poder Executivo o cal\u00e7amento das Ruas Jo\u00e3o Faustino da Mota, Osni Capistrano da Cunha J\u00fanior e Gentil Vieira Borges, no Bairro Capistrano.</li>\r\n<li>Indica\u00e7\u00e3o n.\u00ba 022/23, de autoria da Vereadora Helena Schild de Oliveira, que visa solicitar ao Poder Executivo a constru\u00e7\u00e3o de passeios p\u00fablicos nas Ruas Professora Isaura Vargas, Const\u00e2ncio Krumel e Generoso Ildefonso de Oliveira.</li>\r\n<li>Indica\u00e7\u00e3o n.\u00ba 023/23, de autoria do Vereador Adenir Deucher, que visa solicitar ao Poder Executivo a coloca\u00e7\u00e3o de cascalho no passeio p\u00fablico adjacente a marginal de acesso ao trevo da BR 282 de acesso a Bom Retiro, no trecho entre a Av. Henrique Eduardo Boell e a Rua Frontino Vieira de Souza.\u00a0</li>\r\n</ul>\r\n<p>\u00a0</p>\r\n<p>5\u00a0\u00a0\u00a0\u00a0\u00a0\u00a0\u00a0 Palavra livre</p>\r\n<ul>\r\n<li>Jos\u00e9 Alfeu Ferreira</li>\r\n</ul>\r\n<p>\u00a0</p>\r\n<p>6\u00a0\u00a0\u00a0\u00a0\u00a0\u00a0\u00a0 Encerramento</p>", "author_name": "", "version": "1.0", "author_url": "https://www.bomretiro.sc.leg.br/author/adm", "provider_name": "C\u00e2mara de Vereadores de Bom Retiro - SC", "type": "rich"}