{"provider_url": "https://www.bomretiro.sc.leg.br", "title": "Ordem do Dia", "html": "<p align=\"center\"><b><span>SESS\u00c3O ORDIN\u00c1RIA 27/02/2023</span></b></p>\r\n<p align=\"center\">ORDEM DO DIA:</p>\r\n<p>1\u00a0\u00a0\u00a0\u00a0\u00a0\u00a0\u00a0 Leitura, discuss\u00e3o e vota\u00e7\u00e3o da Ata da Sess\u00e3o anterior.</p>\r\n<p>\u00a0</p>\r\n<p>\u00a0</p>\r\n<p align=\"left\">2\u00a0\u00a0\u00a0\u00a0\u00a0\u00a0\u00a0 Leitura, apresenta\u00e7\u00e3o de justificativa e vota\u00e7\u00e3o das proposi\u00e7\u00f5es protocoladas:</p>\r\n<p align=\"left\">\u00a0</p>\r\n<p align=\"left\">\u00a0</p>\r\n<ul>\r\n<li>Requerimento n.\u00ba 005/23, de autoria do Vereador Adenir Deucher, solicitando ao Poder Executivo, atrav\u00e9s da Secretaria Municipal de Sa\u00fade, o n\u00famero de mun\u00edcipes que s\u00e3o atendidos pelos agentes comunit\u00e1rios de sa\u00fade.</li>\r\n<li>Mo\u00e7\u00e3o n.\u00ba 002/23, de autoria da Vereadora Helena Schild de Oliveira, que requer o envio de votos de pesar pelo falecimento da Sra. Laureci Andr\u00e9 Ferreira.</li>\r\n<li>Indica\u00e7\u00e3o n.\u00ba 012/23, de autoria da Vereadora Helena Schild de Oliveira, que visa solicitar ao Poder Executivo a implanta\u00e7\u00e3o de sentido \u00fanico de tr\u00e2nsito nas Ruas Const\u00e2ncio Krumel e Professora Izaura Vargas.</li>\r\n<li>Indica\u00e7\u00e3o n.\u00ba 013/23, de autoria da Vereadora Helena Schild de Oliveira, que visa solicitar ao Poder Executivo o cascalhamento da estrada de acesso a propriedade dos Lessa e da serra das abelhas, na localidade de Figueiredo.</li>\r\n<li>Indica\u00e7\u00e3o n.\u00ba 014/23, de autoria do Vereador Adenir Deucher, que visa solicitar ao Poder Executivo a limpeza de bueiro na Av. Major Generoso, nas proximidades da caixa de \u00e1gua do Bairro S\u00e3o Jos\u00e9.</li>\r\n<li>Indica\u00e7\u00e3o n.\u00ba 015/23, de autoria do Vereador Adenir Deucher, que visa solicitar ao Poder Executivo a limpeza da sarjeta na Rua Padre Paulo, no Bairro S\u00e3o Jos\u00e9, para evitar que a \u00e1gua da chuva adentre nas resid\u00eancias deste logradouro.</li>\r\n<li>Indica\u00e7\u00e3o n.\u00ba 016/23, de autoria do Vereador Adenir Deucher, que visa solicitar ao Poder Executivo a canaliza\u00e7\u00e3o do riacho Sinhozinho, no trecho pr\u00f3ximo a resid\u00eancia da Sra. Rosane Ferreira, no Bairro S\u00e3o Jos\u00e9.</li>\r\n</ul>\r\n<p>\u00a0</p>\r\n<p>3\u00a0\u00a0\u00a0\u00a0\u00a0\u00a0\u00a0 Palavra livre</p>\r\n<p>\u00a0</p>\r\n<ul>\r\n<li>Paulo Cesar Moraes</li>\r\n<li>Adenir Deucher</li>\r\n<li>Claudinei Cust\u00f3dio</li>\r\n</ul>\r\n<p>\u00a0</p>\r\n<p>4\u00a0\u00a0\u00a0\u00a0\u00a0\u00a0\u00a0 Encerramento</p>", "author_name": "", "version": "1.0", "author_url": "https://www.bomretiro.sc.leg.br/author/adm", "provider_name": "C\u00e2mara de Vereadores de Bom Retiro - SC", "type": "rich"}