{"provider_url": "https://www.bomretiro.sc.leg.br", "title": "Ordem do Dia", "html": "<p align=\"center\"><b><span>SESS\u00c3O ORDIN\u00c1RIA 12/12/2022</span></b></p>\r\n<p align=\"center\">ORDEM DO DIA:</p>\r\n<p>1\u00a0\u00a0\u00a0\u00a0\u00a0\u00a0\u00a0 Leitura, discuss\u00e3o e vota\u00e7\u00e3o da Ata da Sess\u00e3o anterior.</p>\r\n<p>\u00a0</p>\r\n<p align=\"left\">2\u00a0\u00a0\u00a0\u00a0\u00a0\u00a0\u00a0 Elei\u00e7\u00e3o para Renova\u00e7\u00e3o da Mesa Diretora.</p>\r\n<p>\u00a0</p>\r\n<p align=\"left\">3\u00a0\u00a0\u00a0\u00a0\u00a0\u00a0\u00a0 Discuss\u00e3o a vota\u00e7\u00e3o dos seguintes projetos:</p>\r\n<ul>\r\n<li>Emenda Substitutiva Global n.\u00ba 001/22 ao PL n.\u00ba 008/22, que Cria o Distrito Industrial Oeste do Munic\u00edpio de Bom Retiro, Revoga a Lei n.\u00ba 2236/14 e regulamenta o disposto na Lei Complementar n.\u00ba 035/2011 e D\u00e1 Outras Provid\u00eancias.</li>\r\n<li>PL n.\u00ba 008/22, que Cria o Distrito Industrial Oeste do Munic\u00edpio de Bom Retiro, Revoga a Lei n.\u00ba 2236/14 e regulamenta o disposto na Lei Complementar n.\u00ba 035/2011 e D\u00e1 Outras Provid\u00eancias.</li>\r\n<li>Emenda Modificativa n.\u00ba 001/22 ao PL n.\u00ba 028/22, de autoria do Vereador Claudinei Cust\u00f3dio.</li>\r\n<li>Emenda Modificativa n.\u00ba 002/22 ao PL n.\u00ba 028/22, de autoria do Vereador Claudinei Cust\u00f3dio.</li>\r\n<li>Emenda Modificativa n.\u00ba 003/22 ao PL n.\u00ba 028/22, de autoria do Vereador Claudinei Cust\u00f3dio.</li>\r\n<li>Emenda Modificativa n.\u00ba 004/22 ao PL n.\u00ba 028/22, de autoria do Vereador Sergio Adriano Kreuch da Rosa.</li>\r\n<li>Emenda Modificativa n.\u00ba 005/22 ao PL n.\u00ba 028/22, de autoria do Vereador Sergio Adriano Kreuch da Rosa.</li>\r\n<li>Emenda Modificativa n.\u00ba 006/22 ao PL n.\u00ba 028/22, de autoria do Vereador Sergio Adriano Kreuch da Rosa.</li>\r\n<li>Emenda Modificativa n.\u00ba 007/22 ao PL n.\u00ba 028/22, de autoria do Vereador Sergio Adriano Kreuch da Rosa.</li>\r\n<li>Emenda Modificativa n.\u00ba 008/22 ao PL n.\u00ba 028/22, de autoria do Vereador Al\u00e7oni Marinho.</li>\r\n<li>Emenda Modificativa n.\u00ba 009/22 ao PL n.\u00ba 028/22, de autoria do Vereador Al\u00e7oni Marinho.</li>\r\n<li>Emenda Modificativa n.\u00ba 010/22 ao PL n.\u00ba 028/22, de autoria do Vereador Al\u00e7oni Marinho.</li>\r\n<li>Emenda Modificativa n.\u00ba 011/22 ao PL n.\u00ba 028/22, de autoria do Vereador Daniel Sangaletti.</li>\r\n<li>Emenda Modificativa n.\u00ba 012/22 ao PL n.\u00ba 028/22, de autoria do Vereador Daniel Sangaletti.</li>\r\n<li>Emenda Modificativa n.\u00ba 013/22 ao PL n.\u00ba 028/22, de autoria do Vereador Daniel Sangaletti.</li>\r\n<li>Emenda Modificativa n.\u00ba 014/22 ao PL n.\u00ba 028/22, de autoria do Vereador Daniel Sangaletti.</li>\r\n<li>Emenda Modificativa n.\u00ba 015/22 ao PL n.\u00ba 028/22, de autoria do Vereador Daniel Sangaletti.</li>\r\n<li>Emenda Modificativa n.\u00ba 016/22 ao PL n.\u00ba 028/22, de autoria da Vereadora Helena Schild de Oliveira.</li>\r\n<li>Emenda Modificativa n.\u00ba 017/22 ao PL n.\u00ba 028/22, de autoria da Vereadora Helena Schild de Oliveira.</li>\r\n<li>Emenda Modificativa n.\u00ba 018/22 ao PL n.\u00ba 028/22, de autoria da Vereadora Helena Schild de Oliveira.</li>\r\n<li>Emenda Modificativa n.\u00ba 019/22 ao PL n.\u00ba 028/22, de autoria da Vereadora Helena Schild de Oliveira.</li>\r\n<li>Emenda Modificativa n.\u00ba 020/22 ao PL n.\u00ba 028/22, de autoria do Vereador Argeu Jurandi Gon\u00e7alves Padilha.</li>\r\n<li>Emenda Modificativa n.\u00ba 021/22 ao PL n.\u00ba 028/22, de autoria do Vereador Argeu Jurandi Gon\u00e7alves Padilha.</li>\r\n<li>Emenda Modificativa n.\u00ba 022/22 ao PL n.\u00ba 028/22, de autoria do Vereador Argeu Jurandi Gon\u00e7alves Padilha.</li>\r\n<li>Emenda Modificativa n.\u00ba 023/22 ao PL n.\u00ba 028/22, de autoria do Vereador Paulo Cesar Moraes.</li>\r\n<li>Emenda Modificativa n.\u00ba 024/22 ao PL n.\u00ba 028/22, de autoria do Vereador Paulo Cesar Moraes.</li>\r\n<li>Emenda Modificativa n.\u00ba 025/22 ao PL n.\u00ba 028/22, de autoria do Vereador Paulo Cesar Moraes.</li>\r\n<li>Emenda Modificativa n.\u00ba 026/22 ao PL n.\u00ba 028/22, de autoria do Vereador Jos\u00e9 Alfeu Ferreira.</li>\r\n<li>Emenda Modificativa n.\u00ba 027/22 ao PL n.\u00ba 028/22, de autoria do Vereador Jos\u00e9 Alfeu Ferreira.</li>\r\n<li>Emenda Modificativa n.\u00ba 028/22 ao PL n.\u00ba 028/22, de autoria do Vereador Jos\u00e9 Alfeu Ferreira.</li>\r\n<li>Emenda Modificativa n.\u00ba 029/22 ao PL n.\u00ba 028/22, de autoria do Vereador Jos\u00e9 Alfeu Ferreira.</li>\r\n<li>Emenda Modificativa n.\u00ba 030/22 ao PL n.\u00ba 028/22, de autoria do Vereador Jos\u00e9 Alfeu Ferreira.</li>\r\n<li>Emenda Modificativa n.\u00ba 031/22 ao PL n.\u00ba 028/22, de autoria do Vereador Jos\u00e9 Alfeu Ferreira.</li>\r\n<li>Emenda Modificativa n.\u00ba 032/22 ao PL n.\u00ba 028/22, de autoria do Vereador Jos\u00e9 Alfeu Ferreira.</li>\r\n<li>Emenda Modificativa n.\u00ba 033/22 ao PL n.\u00ba 028/22, de autoria do Vereador Adenir Deucher.</li>\r\n<li>Emenda Modificativa n.\u00ba 034/22 ao PL n.\u00ba 028/22, de autoria do Vereador Adenir Deucher.</li>\r\n<li>Emenda Modificativa n.\u00ba 035/22 ao PL n.\u00ba 028/22, de autoria da Bancada do Partido Progressista.</li>\r\n<li>Emenda Modificativa n.\u00ba 036/22 ao PL n.\u00ba 028/22, de autoria da Bancada do Partido Liberal.</li>\r\n<li>PL n.\u00ba 028/22, que Estima a Receita e Fixa a Despesa do Munic\u00edpio de Bom Retiro para o Exerc\u00edcio de 2023.</li>\r\n<li>PL 030/22, que Ratifica Altera\u00e7\u00e3o do Estatuto Social do Cons\u00f3rcio Intermunicipal de Sa\u00fade \u2013 CIS Amures.</li>\r\n</ul>\r\n<p align=\"left\">\u00a0</p>\r\n<p align=\"left\">4\u00a0\u00a0\u00a0\u00a0\u00a0\u00a0\u00a0 Vota\u00e7\u00e3o das Reda\u00e7\u00f5es Finais:</p>\r\n<ul>\r\n<li>PL n.\u00ba 008/22, que Cria o Distrito Industrial Oeste do Munic\u00edpio de Bom Retiro, Revoga a Lei n.\u00ba 2236/14 e regulamenta o disposto na Lei Complementar n.\u00ba 035/2011 e D\u00e1 Outras Provid\u00eancias.</li>\r\n<li>PL n.\u00ba 028/22, que Estima a Receita e Fixa a Despesa do Munic\u00edpio de Bom Retiro para o Exerc\u00edcio de 2023.</li>\r\n<li>PL 030/22, que Ratifica Altera\u00e7\u00e3o do Estatuto Social do Cons\u00f3rcio Intermunicipal de Sa\u00fade \u2013 CIS Amures.</li>\r\n</ul>\r\n<p>\u00a0</p>\r\n<p align=\"left\">5\u00a0\u00a0\u00a0\u00a0\u00a0\u00a0\u00a0 Leitura, apresenta\u00e7\u00e3o de justificativa e vota\u00e7\u00e3o das proposi\u00e7\u00f5es protocoladas:</p>\r\n<ul>\r\n<li>Mo\u00e7\u00e3o n.\u00ba 031/22, de autoria do Vereador Adenir Deucher, que requer o envio de correspond\u00eancia ao DEINFRA solicitando a recupera\u00e7\u00e3o urgente do trecho da SC 110, entre Bom Retiro e Petrol\u00e2ndia, pois esta rodovia est\u00e1 repleta de buracos e com pontos intransit\u00e1veis, trazendo preju\u00edzos materiais aos condutores e dificuldades para escoamento da safra agropecu\u00e1ria da regi\u00e3o.</li>\r\n<li>Indica\u00e7\u00e3o n.\u00ba 164/22, de autoria do Vereador Adenir Deucher, que visa solicitar ao Poder Executivo a recupera\u00e7\u00e3o de ponte na localidade de Rio do Meio, localizada nas proximidades da capela dessa comunidade, visando o escoamento da safra e dos moradores da regi\u00e3o.</li>\r\n<li>Indica\u00e7\u00e3o n.\u00ba 165/22, de autoria do Vereador Adenir Deucher, que visa solicitar ao Poder Executivo a recupera\u00e7\u00e3o da estrada que liga Serra dos Lorenzi ao Rio Frederico.</li>\r\n</ul>\r\n<p>\u00a0</p>\r\n<p>\u00a06\u00a0\u00a0\u00a0\u00a0\u00a0\u00a0\u00a0 Palavra livre</p>\r\n<p>\u00a0</p>\r\n<p>7\u00a0\u00a0\u00a0\u00a0\u00a0\u00a0\u00a0 Encerramento</p>", "author_name": "", "version": "1.0", "author_url": "https://www.bomretiro.sc.leg.br/author/adm", "provider_name": "C\u00e2mara de Vereadores de Bom Retiro - SC", "type": "rich"}