{"provider_url": "https://www.bomretiro.sc.leg.br", "title": "Ordem do Dia", "html": "<p align=\"center\"><b><span>SESS\u00c3O ORDIN\u00c1RIA 28/11/2022</span></b></p>\r\n<p align=\"center\">ORDEM DO DIA:</p>\r\n<p>1\u00a0\u00a0\u00a0\u00a0\u00a0\u00a0\u00a0 Leitura, discuss\u00e3o e vota\u00e7\u00e3o da Ata da Sess\u00e3o anterior.</p>\r\n<p>\u00a0</p>\r\n<p>2\u00a0\u00a0\u00a0\u00a0\u00a0\u00a0\u00a0 Concess\u00e3o da palavra ao Secret\u00e1rio Municipal de Agricultura, Jurandir de Oliveira, em atendimento ao Requerimento n.\u00ba 031/22, para explanar sobre a execu\u00e7\u00e3o de servi\u00e7os pelos tratores agr\u00edcolas da Prefeitura municipal.</p>\r\n<p>\u00a0</p>\r\n<p>3\u00a0\u00a0\u00a0\u00a0\u00a0\u00a0\u00a0 Leitura do projeto que deu entrada na Mesa:</p>\r\n<ul>\r\n<li>PL n.\u00ba 034/22, que abre cr\u00e9dito suplementar no or\u00e7amento do munic\u00edpio de Bom Retiro, exerc\u00edcio financeiro de 2022, por anula\u00e7\u00e3o de dota\u00e7\u00e3o.</li>\r\n</ul>\r\n<p align=\"left\">\u00a0</p>\r\n<p align=\"left\">4\u00a0\u00a0\u00a0\u00a0\u00a0\u00a0\u00a0 Discuss\u00e3o a vota\u00e7\u00e3o dos seguintes projetos:</p>\r\n<ul>\r\n<li>PL n.\u00ba 031/22, que abre cr\u00e9dito suplementar no or\u00e7amento do munic\u00edpio de Bom Retiro, exerc\u00edcio financeiro de 2022, por excesso de arrecada\u00e7\u00e3o e pelo super\u00e1vit do exerc\u00edcio anterior.</li>\r\n<li>PL n.\u00ba 032/22, que abre cr\u00e9dito suplementar no or\u00e7amento do munic\u00edpio de Bom Retiro, exerc\u00edcio financeiro de 2022, por anula\u00e7\u00e3o de dota\u00e7\u00e3o.</li>\r\n<li>Emenda Modificativa n.\u00ba 001/22, ao PL n.\u00ba 034/22, que modifica o caput do Art. 1\u00ba.</li>\r\n<li>PL n.\u00ba 034/22, que abre cr\u00e9dito suplementar no or\u00e7amento do munic\u00edpio de Bom Retiro, exerc\u00edcio financeiro de 2022, por anula\u00e7\u00e3o de dota\u00e7\u00e3o.</li>\r\n<li>Projeto de Resolu\u00e7\u00e3o n.\u00ba 004/22, que Concede T\u00edtulo de Cidad\u00e3o Honor\u00e1rio.</li>\r\n</ul>\r\n<p align=\"left\">\u00a0</p>\r\n<p align=\"left\">5\u00a0\u00a0\u00a0\u00a0\u00a0\u00a0\u00a0 Vota\u00e7\u00e3o das Reda\u00e7\u00f5es Finais:</p>\r\n<ul>\r\n<li>PL n.\u00ba 031/22, que abre cr\u00e9dito suplementar no or\u00e7amento do munic\u00edpio de Bom Retiro, exerc\u00edcio financeiro de 2022, por excesso de arrecada\u00e7\u00e3o e pelo super\u00e1vit do exerc\u00edcio anterior.</li>\r\n<li>PL n.\u00ba 032/22, que abre cr\u00e9dito suplementar no or\u00e7amento do munic\u00edpio de Bom Retiro, exerc\u00edcio financeiro de 2022, por anula\u00e7\u00e3o de dota\u00e7\u00e3o.</li>\r\n<li>PL n.\u00ba 034/22, que abre cr\u00e9dito suplementar no or\u00e7amento do munic\u00edpio de Bom Retiro, exerc\u00edcio financeiro de 2022, por anula\u00e7\u00e3o de dota\u00e7\u00e3o.</li>\r\n</ul>\r\n<p>\u00a0</p>\r\n<p align=\"left\">6\u00a0\u00a0\u00a0\u00a0\u00a0\u00a0\u00a0 Leitura, apresenta\u00e7\u00e3o de justificativa e vota\u00e7\u00e3o das proposi\u00e7\u00f5es protocoladas:</p>\r\n<ul>\r\n<li>Indica\u00e7\u00e3o n.\u00ba 159/22, de autoria da Vereadora Helena Schild de Oliveira, que visa solicitar ao Poder Executivo a elabora\u00e7\u00e3o de mapas tur\u00edsticos do munic\u00edpio de Bom Retiro.</li>\r\n<li>Indica\u00e7\u00e3o n.\u00ba 160/22, de autoria da Vereadora Helena Schild de Oliveira, que visa solicitar ao Poder Executivo a verifica\u00e7\u00e3o de esgotos a c\u00e9u aberto na cidade, assim como ado\u00e7\u00e3o de provid\u00eancias para a canaliza\u00e7\u00e3o destes detritos.</li>\r\n<li>Indica\u00e7\u00e3o n.\u00ba 161/22, de autoria do Vereador Adenir Deucher, que visa solicitar ao Poder Executivo a recupera\u00e7\u00e3o da ponte da localidade de Rio do Meio.</li>\r\n<li>Indica\u00e7\u00e3o n. 162/22, de autoria do Vereador Jos\u00e9 Alfeu Ferreira, que visa solicitar ao Poder Executivo o conserto da lombada localizada na Av. de 24 de Outubro, nas proximidades da Rua Vade Taja.</li>\r\n<li>Indica\u00e7\u00e3o n.\u00ba 163/22, de autoria do Vereador Jos\u00e9 Alfeu Ferreira, que visa solicitar ao Poder Executivo o nivelamento das vias no entroncamento da Av. Major Generoso com a Rua Clemente Gorges, no Bairro S\u00e3o Jos\u00e9.</li>\r\n</ul>\r\n<p>\u00a0</p>\r\n<p>7\u00a0\u00a0\u00a0\u00a0\u00a0\u00a0\u00a0 Palavra livre</p>\r\n<ul>\r\n<li>Helena Schild de Oliveira</li>\r\n</ul>\r\n<p>\u00a0</p>\r\n<p>8\u00a0\u00a0\u00a0\u00a0\u00a0\u00a0\u00a0 Encerramento</p>", "author_name": "", "version": "1.0", "author_url": "https://www.bomretiro.sc.leg.br/author/adm", "provider_name": "C\u00e2mara de Vereadores de Bom Retiro - SC", "type": "rich"}