{"provider_url": "https://www.bomretiro.sc.leg.br", "title": "Ordem do Dia", "html": "<p align=\"center\"><b><span>SESS\u00c3O ORDIN\u00c1RIA 07/11/2022</span></b></p>\r\n<p align=\"center\">ORDEM DO DIA:</p>\r\n<p>1\u00a0\u00a0\u00a0\u00a0\u00a0\u00a0\u00a0 Leitura, discuss\u00e3o e vota\u00e7\u00e3o da Ata da Sess\u00e3o anterior.</p>\r\n<p>\u00a0</p>\r\n<p>2\u00a0\u00a0\u00a0\u00a0\u00a0\u00a0\u00a0 Leitura dos projetos que deram entrada na Mesa:</p>\r\n<p>\u00a0</p>\r\n<ul>\r\n<li>PL n.\u00ba 031/22, que abre cr\u00e9dito suplementar no or\u00e7amento do munic\u00edpio de Bom Retiro, exerc\u00edcio financeiro de 2022, por excesso de arrecada\u00e7\u00e3o e pelo super\u00e1vit do exerc\u00edcio anterior.</li>\r\n<li>PL n.\u00ba 032/22, que abre cr\u00e9dito suplementar no or\u00e7amento do munic\u00edpio de Bom Retiro, exerc\u00edcio financeiro de 2022, por anula\u00e7\u00e3o de dota\u00e7\u00e3o.</li>\r\n<li>PL n.\u00ba 033/22, que abre cr\u00e9dito suplementar no or\u00e7amento do munic\u00edpio de Bom Retiro, exerc\u00edcio financeiro de 2022, por anula\u00e7\u00e3o de dota\u00e7\u00e3o.</li>\r\n</ul>\r\n<p align=\"left\">\u00a0</p>\r\n<p align=\"left\">3\u00a0\u00a0\u00a0\u00a0\u00a0\u00a0\u00a0 Discuss\u00e3o a vota\u00e7\u00e3o dos seguintes projetos:</p>\r\n<ul>\r\n<li>PL n.\u00ba 033/22, que abre cr\u00e9dito suplementar no or\u00e7amento do munic\u00edpio de Bom Retiro, exerc\u00edcio financeiro de 2022, por anula\u00e7\u00e3o de dota\u00e7\u00e3o.</li>\r\n</ul>\r\n<p align=\"left\">\u00a0</p>\r\n<p align=\"left\">4\u00a0\u00a0\u00a0\u00a0\u00a0\u00a0\u00a0 Vota\u00e7\u00e3o da Reda\u00e7\u00e3o Final:</p>\r\n<ul>\r\n<li>PL n.\u00ba 033/22, que abre cr\u00e9dito suplementar no or\u00e7amento do munic\u00edpio de Bom Retiro, exerc\u00edcio financeiro de 2022, por anula\u00e7\u00e3o de dota\u00e7\u00e3o.</li>\r\n</ul>\r\n<p>\u00a0</p>\r\n<p align=\"left\">5\u00a0\u00a0\u00a0\u00a0\u00a0\u00a0\u00a0 Leitura, apresenta\u00e7\u00e3o de justificativa e vota\u00e7\u00e3o das proposi\u00e7\u00f5es protocoladas:</p>\r\n<ul>\r\n<li>Requerimento n.\u00ba 031/22, de autoria do Vereador Paulo Cesar Moraes, que requer a convoca\u00e7\u00e3o do Secret\u00e1rio Municipal de Agricultura para explanar sobre a execu\u00e7\u00e3o de servi\u00e7os pelos tratores agr\u00edcolas da Prefeitura municipal.</li>\r\n<li>Mo\u00e7\u00e3o n.\u00ba 029/22, de autoria do Vereador Paulo Cesar Moraes, que requer o envio de votos de pesar pelo falecimento do Sr. Cezar Souza dos Santos.</li>\r\n<li>Mo\u00e7\u00e3o n.\u00ba 030/22, de autoria do Vereador S\u00e9rgio Adriano Kreuch da Rosa, que requer o envio de correspond\u00eancia ao Deputado Estadual, Marcius Machado, para solicitar o repasse de recursos para castra\u00e7\u00e3o de animais de pequeno porte no munic\u00edpio de Bom Retiro.</li>\r\n<li>Indica\u00e7\u00e3o n.\u00ba 156/22, de autoria do Vereador Adenir Deucher, que visa solicitar ao Poder Executivo a realiza\u00e7\u00e3o de reparos no muro de gabi\u00e3o constru\u00eddo no rio Campo Novo, na localidade de Campo Novo.</li>\r\n<li>Indica\u00e7\u00e3o n.\u00ba 157/22, de autoria do Vereador Adenir Deucher, que visa solicitar ao Poder Executivo provid\u00eancias para cercar a \u00e1rea do parque infantil do Jardim Herc\u00edlio Luz, para evitar a presen\u00e7a de animais neste espa\u00e7o e garantir maior seguran\u00e7a as crian\u00e7as que utilizam esse equipamento de lazer.</li>\r\n<li>Indica\u00e7\u00e3o n.\u00ba 158/22, de autoria do Vereador Adenir Deucher, que visa solicitar ao Poder Executivo a manuten\u00e7\u00e3o da estrada da propriedade do Sr. Alonir Deucher, na localidade de Barbaqu\u00e1, que d\u00e1 acesso a torre de internet rural da Prefeitura municipal.</li>\r\n</ul>\r\n<p>\u00a0</p>\r\n<p>6\u00a0\u00a0\u00a0\u00a0\u00a0\u00a0\u00a0 Palavra livre</p>\r\n<ul>\r\n<li>Paulo Cesar Moraes</li>\r\n<li>Sergio Adriano Kreuch da Rosa</li>\r\n</ul>\r\n<p>\u00a0</p>\r\n<p>7\u00a0\u00a0\u00a0\u00a0\u00a0\u00a0\u00a0 Encerramento</p>", "author_name": "", "version": "1.0", "author_url": "https://www.bomretiro.sc.leg.br/author/adm", "provider_name": "C\u00e2mara de Vereadores de Bom Retiro - SC", "type": "rich"}