{"provider_url": "https://www.bomretiro.sc.leg.br", "title": "Ordem do Dia", "html": "<p align=\"center\"><b><span>SESS\u00c3O ORDIN\u00c1RIA 07/11/2022</span></b></p>\r\n<p align=\"center\">ORDEM DO DIA:</p>\r\n<p>1\u00a0\u00a0\u00a0\u00a0\u00a0\u00a0\u00a0 Leitura, discuss\u00e3o e vota\u00e7\u00e3o da Ata da Sess\u00e3o anterior.</p>\r\n<p>\u00a0</p>\r\n<p>2\u00a0\u00a0\u00a0\u00a0\u00a0\u00a0\u00a0 Leitura dos projetos que deram entrada na Mesa:</p>\r\n<p>\u00a0</p>\r\n<ul>\r\n<li>PL n.\u00ba 028/22, que estima a receita e fixa a despesa do Munic\u00edpio de Bom Retiro para o exerc\u00edcio de 2023.</li>\r\n<li>PL 030/22, que ratifica altera\u00e7\u00e3o do estatuto social do Cons\u00f3rcio Intermunicipal de Sa\u00fade \u2013 CIS-AMURES.</li>\r\n<li>\u00a0PL n.\u00ba 005/22, que torna obrigat\u00f3rio o encaminhamento a C\u00e2mara Municipal de documentos das obras p\u00fablicas em execu\u00e7\u00e3o pelo Munic\u00edpio.</li>\r\n</ul>\r\n<p align=\"left\">\u00a0</p>\r\n<p align=\"left\">3\u00a0\u00a0\u00a0\u00a0\u00a0\u00a0\u00a0 Leitura, apresenta\u00e7\u00e3o de justificativa e vota\u00e7\u00e3o das proposi\u00e7\u00f5es protocoladas:</p>\r\n<ul>\r\n<li>Requerimento n.\u00ba 029/22, de autoria do Vereador Adenir Deucher, que requer ao Poder Executivo c\u00f3pia do processo licitat\u00f3rio referente ao servi\u00e7o de pavimenta\u00e7\u00e3o asf\u00e1ltica e drenagem pluvial das ruas Doutor Faustino, Generoso Idelfonso de Oliveira, Professora Isaura Vargas e Const\u00e2ncio Krumel.</li>\r\n<li>Mo\u00e7\u00e3o n.\u00ba 025/22, de autoria do Vereador S\u00e9rgio Adriano Kreuch da Rosa, que requer o envio de correspond\u00eancia ao Deputado Estadual, Marcius Machado, para solicitar o repasse o repasse de recursos visando a aquisi\u00e7\u00e3o de aparelhos de ar condicionado, aparelhos de televis\u00e3o e poltronas para o Hospital Nossa Senhora das Gra\u00e7as.</li>\r\n<li>Mo\u00e7\u00e3o n.\u00ba 026/22, de autoria do Vereador Paulo Cesar Moraes, que requer o envio de correspond\u00eancia a Assembleia Legislativa apoiando o Projeto de Lei de Iniciativa Popular que modifica o \u00a7 2\u00ba, I, do Art. 17, da Lei Complementar 412/2008, possibilitando que a contribui\u00e7\u00e3o previdenci\u00e1ria dos aposentados e pensionistas do Estado incida somente na quantia que supere o limite m\u00e1ximo estabelecido para os benef\u00edcios do Regime Geral de Previd\u00eancia Social.</li>\r\n<li>Indica\u00e7\u00e3o n.\u00ba 152/22, de autoria do Vereador Daniel Sangaletti, que visa solicitar ao Poder Executivo a instala\u00e7\u00e3o de assentos individuais na arquibancada do Gin\u00e1sio de Esportes \u201cNenzinho\u201d que ainda n\u00e3o possui esse equipamento.</li>\r\n<li>Indica\u00e7\u00e3o n.\u00ba 153/22, de autoria do Vereador Daniel Sangaletti, que visa solicitar ao Poder Executivo a instala\u00e7\u00e3o de bebedouro na quadra de grama sint\u00e9tica anexa ao Centro Poliesportivo Arno Oscar Meyer.</li>\r\n</ul>\r\n<p>\u00a0</p>\r\n<p>4\u00a0\u00a0\u00a0\u00a0\u00a0\u00a0\u00a0 Palavra livre</p>\r\n<ul>\r\n<li>Adenir Deucher</li>\r\n<li>Claudinei Cust\u00f3dio</li>\r\n</ul>\r\n<p>\u00a0</p>\r\n<p>5\u00a0\u00a0\u00a0\u00a0\u00a0\u00a0\u00a0 Encerramento</p>", "author_name": "", "version": "1.0", "author_url": "https://www.bomretiro.sc.leg.br/author/adm", "provider_name": "C\u00e2mara de Vereadores de Bom Retiro - SC", "type": "rich"}