{"provider_url": "https://www.bomretiro.sc.leg.br", "title": "Ordem do Dia", "html": "<p align=\"center\"><b><span>SESS\u00c3O ORDIN\u00c1RIA 24/10/2022</span></b></p>\r\n<p align=\"center\">ORDEM DO DIA:</p>\r\n<p>1\u00a0\u00a0\u00a0\u00a0\u00a0\u00a0\u00a0 Leitura, discuss\u00e3o e vota\u00e7\u00e3o da Ata da Sess\u00e3o anterior.</p>\r\n<p>\u00a0</p>\r\n<p>2\u00a0\u00a0\u00a0\u00a0\u00a0\u00a0\u00a0 Concess\u00e3o da palavra ao Secret\u00e1rio Municipal de Transportes e Obras, Valmeri de Souza, para em atendimento ao Requerimento n.\u00ba 026/22 explanar sobre a recupera\u00e7\u00e3o das estradas municipais e do cronograma de manuten\u00e7\u00e3o destas vias.</p>\r\n<p>\u00a0</p>\r\n<p>\u00a0</p>\r\n<p>3\u00a0\u00a0\u00a0\u00a0\u00a0\u00a0\u00a0 Leitura dos projetos que deram entrada na Mesa:</p>\r\n<p>\u00a0</p>\r\n<ul>\r\n<li>PL n.\u00ba 027/22, que abre cr\u00e9dito suplementar no or\u00e7amento do Munic\u00edpio de Bom Retiro, exerc\u00edcio financeiro de 2022.</li>\r\n<li>Projeto de Resolu\u00e7\u00e3o n.\u00ba 003/22, que Concede Diploma de Honra ao M\u00e9rito.</li>\r\n</ul>\r\n<p>\u00a0</p>\r\n<p align=\"left\">4\u00a0\u00a0\u00a0\u00a0\u00a0\u00a0\u00a0 Discuss\u00e3o e vota\u00e7\u00e3o do dos seguintes projetos:</p>\r\n<ul>\r\n<li>Emenda Substitutiva Global n.\u00ba 001/22 ao PLC n.\u00ba 004/22, que disp\u00f5e sobre a concess\u00e3o de incentivos fiscais e de est\u00edmulos econ\u00f4micos para empreendimentos econ\u00f4micos que venham se estabelecer no munic\u00edpio de Bom Retiro, cria o Conselho e o Fundo Municipal da Ind\u00fastria e Com\u00e9rcio e d\u00e1 outras provid\u00eancias.</li>\r\n<li>PLC n.\u00ba 004/22, que Altera a Lei que disp\u00f5e sobre a concess\u00e3o de incentivos fiscais e de est\u00edmulos econ\u00f4micos para empreendimentos econ\u00f4micos que venham se estabelecer no munic\u00edpio de Bom Retiro, Cria o Conselho e o Fundo Municipal da Industria e Com\u00e9rcio e D\u00e1 Outras Provid\u00eancias.</li>\r\n<li>Emenda Modificativa n.\u00ba 001/22, que modifica o \u00a73\u00ba do Art. 4\u00ba do PL n.\u00ba 024/22, que disp\u00f5e sobre a constitui\u00e7\u00e3o do servi\u00e7o de inspe\u00e7\u00e3o municipal e os procedimentos para acesso ao servi\u00e7o de estabelecimento de produtos de origem animal e d\u00e1 outras provid\u00eancias. \u00a0</li>\r\n<li>Emenda Modificativa n.\u00ba 002/22, que modifica o caput do Art. 18 e o caput do Art. 19 do PL n.\u00ba 024/22, que disp\u00f5e sobre a constitui\u00e7\u00e3o do servi\u00e7o de inspe\u00e7\u00e3o municipal e os procedimentos para acesso ao servi\u00e7o de estabelecimento de produtos de origem animal e d\u00e1 outras provid\u00eancias. \u00a0</li>\r\n<li>PL n.\u00ba 024/22, que disp\u00f5e sobre a constitui\u00e7\u00e3o do servi\u00e7o de inspe\u00e7\u00e3o municipal e os procedimentos para acesso ao servi\u00e7o de estabelecimento de produtos de origem animal e d\u00e1 outras provid\u00eancias. \u00a0</li>\r\n</ul>\r\n<p>\u00a0</p>\r\n<p>\u00a0</p>\r\n<p align=\"left\">5\u00a0\u00a0\u00a0\u00a0\u00a0\u00a0\u00a0 Vota\u00e7\u00e3o das Reda\u00e7\u00f5es Finais:</p>\r\n<ul>\r\n<li>PLC n.\u00ba 011/22, que Altera o N\u00famero de Vagas de Assistente Social e Psic\u00f3logo criadas pela Lei Complementar n.\u00ba 98/22.</li>\r\n<li>PLC n.\u00ba 013/22, que Altera o Art. 40 da Lei Complementar 01/2003 e D\u00e1 Outras Provid\u00eancias.</li>\r\n<li>PLC n.\u00ba 004/22, que Altera a Lei que disp\u00f5e sobre a concess\u00e3o de incentivos fiscais e de est\u00edmulos econ\u00f4micos para empreendimentos econ\u00f4micos que venham se estabelecer no munic\u00edpio de Bom Retiro, Cria o Conselho e o Fundo Municipal da Industria e Com\u00e9rcio e D\u00e1 Outras Provid\u00eancias.</li>\r\n<li>PL n.\u00ba 024/22, que disp\u00f5e sobre a constitui\u00e7\u00e3o do servi\u00e7o de inspe\u00e7\u00e3o municipal e os procedimentos para acesso ao servi\u00e7o de estabelecimento de produtos de origem animal e d\u00e1 outras provid\u00eancias. \u00a0</li>\r\n</ul>\r\n<p align=\"left\">\u00a0</p>\r\n<p align=\"left\">6\u00a0\u00a0\u00a0\u00a0\u00a0\u00a0\u00a0 Leitura, apresenta\u00e7\u00e3o de justificativa e vota\u00e7\u00e3o das proposi\u00e7\u00f5es protocoladas:</p>\r\n<ul>\r\n<li>Requerimento n.\u00ba 027/22, de autoria do Vereador Adenir Deucher, que requer ao Poder Executivo informa\u00e7\u00f5es sobre a periodicidade da coleta de lixo no dep\u00f3sito provis\u00f3rio localizado defronte a garagem da Prefeitura Municipal, assim como os motivos do frequente ac\u00famulo de res\u00edduos e entulhos neste local.</li>\r\n<li>Mo\u00e7\u00e3o n.\u00ba 024/22, de autoria do Vereador S\u00e9rgio Adriano Kreuch da Rosa, que requer o envio de correspond\u00eancia ao Deputado Estadual, Marcius Machado, para solicitar o repasse de R$ 100.000,00 para instala\u00e7\u00e3o de novas placas de energia solar no Hospital Nossa Senhora das Gra\u00e7as.</li>\r\n<li>Indica\u00e7\u00e3o n.\u00ba 151/22, de autoria da Vereadora Helena Schild de Oliveira, que visa solicitar ao Poder Executivo a constru\u00e7\u00e3o de uma pra\u00e7a no Bairro S\u00e3o Jos\u00e9.</li>\r\n</ul>\r\n<p>\u00a0</p>\r\n<p>\u00a0</p>\r\n<p>7\u00a0\u00a0\u00a0\u00a0\u00a0\u00a0\u00a0 Palavra livre</p>\r\n<ul>\r\n<li>Jos\u00e9 Alfeu Ferreira</li>\r\n<li>Adenir Deucher</li>\r\n</ul>\r\n<p>\u00a0</p>\r\n<p>8\u00a0\u00a0\u00a0\u00a0\u00a0\u00a0\u00a0 Encerramento</p>", "author_name": "", "version": "1.0", "author_url": "https://www.bomretiro.sc.leg.br/author/adm", "provider_name": "C\u00e2mara de Vereadores de Bom Retiro - SC", "type": "rich"}