{"provider_url": "https://www.bomretiro.sc.leg.br", "title": "Ordem do Dia", "html": "<p align=\"center\"><b><span>SESS\u00c3O ORDIN\u00c1RIA 17/10/2022</span></b></p>\r\n<p align=\"center\">ORDEM DO DIA:</p>\r\n<p>1\u00a0\u00a0\u00a0\u00a0\u00a0\u00a0\u00a0 Leitura, discuss\u00e3o e vota\u00e7\u00e3o da Ata da Sess\u00e3o anterior.</p>\r\n<p>\u00a0</p>\r\n<p>2\u00a0\u00a0\u00a0\u00a0\u00a0\u00a0\u00a0 Leitura do projeto que deu entrada na Mesa:</p>\r\n<p>\u00a0</p>\r\n<ul>\r\n<li>PL n.\u00ba 026/22, que Altera dispositivo da Lei 2429/19, que disciplina a realiza\u00e7\u00e3o de servi\u00e7os a particulares com m\u00e1quinas, equipamentos e implementos do Munic\u00edpio, estabelece os valores e forma de cobran\u00e7a, e d\u00e1 outras provid\u00eancias.</li>\r\n</ul>\r\n<p>\u00a0</p>\r\n<p align=\"left\">3\u00a0\u00a0\u00a0\u00a0\u00a0\u00a0\u00a0 Discuss\u00e3o e vota\u00e7\u00e3o do dos seguintes projetos:</p>\r\n<p>\u00a0</p>\r\n<ul>\r\n<li>PLC n.\u00ba 011/22, que Altera o N\u00famero de Vagas de Assistente Social e Psic\u00f3logo criadas pela Lei Complementar n.\u00ba 98/22.</li>\r\n<li>PLC n.\u00ba 012/22, que Altera e Acrescenta Dispositivos a Lei Complementar n.\u00ba 88/22, que atualiza o Piso Salarial Nacional do Magist\u00e9rio no Plano de Cargos, Plano de Carreira dos Profissionais do Magist\u00e9rio P\u00fablico do Munic\u00edpio de Bom Retiro e D\u00e1 Outras Provid\u00eancias.</li>\r\n<li>PLC n.\u00ba 013/22, que Altera o Art. 40 da Lei Complementar 01/2003 e D\u00e1 Outras Provid\u00eancias.</li>\r\n</ul>\r\n<p>\u00a0</p>\r\n<p>4\u00a0\u00a0\u00a0\u00a0\u00a0\u00a0\u00a0 Vota\u00e7\u00e3o da Reda\u00e7\u00e3o Final do PLC n.\u00ba 012/22, que Altera e Acrescenta Dispositivos a Lei Complementar n.\u00ba 88/22, que atualiza o Piso Salarial Nacional do Magist\u00e9rio no Plano de Cargos, Plano de Carreira dos Profissionais do Magist\u00e9rio P\u00fablico do Munic\u00edpio de Bom Retiro e D\u00e1 Outras Provid\u00eancias.</p>\r\n<p align=\"left\">\u00a0</p>\r\n<p align=\"left\">5\u00a0\u00a0\u00a0\u00a0\u00a0\u00a0\u00a0 Leitura, apresenta\u00e7\u00e3o de justificativa e vota\u00e7\u00e3o das proposi\u00e7\u00f5es protocoladas:</p>\r\n<ul>\r\n<li>Requerimento n.\u00ba 026/22, de autoria do Vereador Adenir Deucher, que requer a convoca\u00e7\u00e3o do Secret\u00e1rio Municipal de Transportes e Obras para explanar sobre a recupera\u00e7\u00e3o das estradas municipais e do cronograma de manuten\u00e7\u00e3o destas vias.</li>\r\n<li>Requerimento n.\u00ba 027/22, de autoria do Vereador Claudinei Cust\u00f3dio, que requer ao Poder Executivo informa\u00e7\u00f5es sobre a conclus\u00e3o da pavimenta\u00e7\u00e3o asf\u00e1ltica das Ruas Doutor Faustino e Generoso Idelfonso de Oliveira.</li>\r\n<li>Indica\u00e7\u00e3o n.\u00ba 147/22, de autoria da Vereadora Helena Schild de Oliveira, que visa solicitar ao Poder Executivo o cal\u00e7amento da parte n\u00e3o pavimentada das ruas Gentil Vieira Borges, Jorge Lacerda e Pedro Hugo do Amaral Neto.</li>\r\n<li>Indica\u00e7\u00e3o n.\u00ba 148/22, de autoria da Vereadora Helena Schild de Oliveira, que visa solicitar ao Poder Executivo a aquisi\u00e7\u00e3o de equipamento composto com vassoura coletora para limpeza das ruas de nossa cidade.</li>\r\n<li>Indica\u00e7\u00e3o n.\u00ba 149/22, de autoria da Vereadora Helena Schild de Oliveira, que visa solicitar ao Poder Executivo a reativa\u00e7\u00e3o da Funda\u00e7\u00e3o Municipal de Cultura.</li>\r\n<li>Indica\u00e7\u00e3o n.\u00ba 150/22, de autoria do Vereador Adenir Deucher, que visa solicitar ao Poder Executivo o desentupimento de bueiros na estrada da localidade de Sapato.</li>\r\n</ul>\r\n<p>\u00a0</p>\r\n<p>6\u00a0\u00a0\u00a0\u00a0\u00a0\u00a0\u00a0 Palavra livre</p>\r\n<ul>\r\n<li>Argeu Jurandi Gon\u00e7alves Padilha</li>\r\n<li>Helena Schild de Oliveira</li>\r\n<li>Claudinei Cust\u00f3dio</li>\r\n</ul>\r\n<p>\u00a0</p>\r\n<p>7\u00a0\u00a0\u00a0\u00a0\u00a0\u00a0\u00a0 Encerramento</p>", "author_name": "", "version": "1.0", "author_url": "https://www.bomretiro.sc.leg.br/author/adm", "provider_name": "C\u00e2mara de Vereadores de Bom Retiro - SC", "type": "rich"}