{"provider_url": "https://www.bomretiro.sc.leg.br", "title": "Ordem do Dia", "html": "<p align=\"center\"><b><span>SESS\u00c3O ORDIN\u00c1RIA 03/10/2022</span></b></p>\r\n<p align=\"center\">ORDEM DO DIA:</p>\r\n<p>1\u00a0\u00a0\u00a0\u00a0\u00a0\u00a0\u00a0 Leitura, discuss\u00e3o e vota\u00e7\u00e3o da Ata da Sess\u00e3o anterior.</p>\r\n<p>\u00a0</p>\r\n<p>2\u00a0\u00a0\u00a0\u00a0\u00a0\u00a0\u00a0 Leitura expediente do diretor do CISAMA.</p>\r\n<p>\u00a0</p>\r\n<p>3\u00a0\u00a0\u00a0\u00a0\u00a0\u00a0\u00a0 Of\u00edcio da Prefeitura Municipal retirando o PL 009/22, que Altera a Lei 2392/18, que disp\u00f5e sobre a implanta\u00e7\u00e3o de condom\u00ednios horizontal de lotes no munic\u00edpio de Bom Retiro e d\u00e1 outras provid\u00eancias.</p>\r\n<p>\u00a0</p>\r\n<p align=\"left\">\u00a0</p>\r\n<p align=\"left\">4\u00a0\u00a0\u00a0\u00a0\u00a0\u00a0\u00a0 Leitura, apresenta\u00e7\u00e3o de justificativa e vota\u00e7\u00e3o das proposi\u00e7\u00f5es protocoladas:</p>\r\n<ul>\r\n<li>Indica\u00e7\u00e3o n.\u00ba 137/22, de autoria do Vereador Adenir Deucher, que visa solicitar ao Poder Executivo a instala\u00e7\u00e3o de placas indicativas com os nomes das ruas no Bairro S\u00e3o Jos\u00e9.</li>\r\n<li>Indica\u00e7\u00e3o n.\u00ba 138/22, de autoria do Vereador Adenir Deucher, que visa solicitar ao Poder Executivo a coloca\u00e7\u00e3o de tubos na entrada da gruta da localidade de Cost\u00e3o do Frade para facilitar o estacionamento de ve\u00edculos e a passagem dos pedestres.</li>\r\n</ul>\r\n<p>\u00a0</p>\r\n<p>5\u00a0\u00a0\u00a0\u00a0\u00a0\u00a0\u00a0 Palavra livre</p>\r\n<ul>\r\n<li>Paulo Cesar Moraes</li>\r\n<li>Sergio Adriano Kreuch da Rosa</li>\r\n<li>Helena Schild de Oliveira</li>\r\n</ul>\r\n<p>\u00a0</p>\r\n<p>6\u00a0\u00a0\u00a0\u00a0\u00a0\u00a0\u00a0 Encerramento</p>", "author_name": "", "version": "1.0", "author_url": "https://www.bomretiro.sc.leg.br/author/adm", "provider_name": "C\u00e2mara de Vereadores de Bom Retiro - SC", "type": "rich"}