{"provider_url": "https://www.bomretiro.sc.leg.br", "title": "Ordem do Dia", "html": "<p align=\"center\">ORDEM DO DIA:</p>\r\n<p align=\"left\">1\u00a0\u00a0\u00a0\u00a0\u00a0\u00a0\u00a0\u00a0 Leitura, discuss\u00e3o e vota\u00e7\u00e3o da Ata da Sess\u00e3o anterior.</p>\r\n<p align=\"left\">\u00a0</p>\r\n<p>2\u00a0\u00a0\u00a0\u00a0\u00a0\u00a0\u00a0\u00a0 Discuss\u00e3o e Vota\u00e7\u00e3o do projeto de lei n.\u00ba 002/22, que Ratifica a Altera\u00e7\u00e3o do Protocolo de Inten\u00e7\u00f5es do Cons\u00f3rcio P\u00fablico Denominado Ag\u00eancia Reguladora Intermunicipal de Saneamento \u2013 ARIS.</p>\r\n<p>\u00a0</p>\r\n<p>3\u00a0\u00a0\u00a0\u00a0\u00a0\u00a0\u00a0\u00a0 Vota\u00e7\u00e3o da Reda\u00e7\u00e3o Final do projeto de lei n.\u00ba 002/22, que Ratifica a Altera\u00e7\u00e3o do Protocolo de Inten\u00e7\u00f5es do Cons\u00f3rcio P\u00fablico Denominado Ag\u00eancia Reguladora Intermunicipal de Saneamento \u2013 ARIS.</p>\r\n<p>\u00a0</p>\r\n<p align=\"left\">4\u00a0\u00a0\u00a0\u00a0\u00a0\u00a0\u00a0\u00a0 Leitura, apresenta\u00e7\u00e3o de justificativa e vota\u00e7\u00e3o das proposi\u00e7\u00f5es protocoladas:</p>\r\n<p align=\"left\">\u00a0</p>\r\n<ul>\r\n<li>Requerimento n.\u00ba 008/22, de autoria do Vereador Adenir Deucher, que requer a convoca\u00e7\u00e3o do Secret\u00e1rio Municipal de Educa\u00e7\u00e3o para explanar sobre: 1. Transporte Escolar; 2 - Manuten\u00e7\u00e3o das estradas para garantir o transporte escolar; Pagamento do Piso Nacional do Magist\u00e9rio aos professores da rede municipal de ensino; 3 \u2013 Pagamento dos atrasados aos professores da rede municipal de ensino referente ao Piso Nacional do Magist\u00e9rio.</li>\r\n<li>Indica\u00e7\u00e3o n.\u00ba 035/22, de autoria do Vereador Adenir Deucher, que visa solicitar ao Poder Executivo a concess\u00e3o de aux\u00edlio financeiro a Associa\u00e7\u00e3o Bonretirense de Amparo ao Animal.</li>\r\n<li>Indica\u00e7\u00e3o n.\u00ba 036/22, de autoria do Vereador Adenir Deucher, que visa solicitar ao Poder Executivo, atrav\u00e9s da Comiss\u00e3o Municipal de Defesa Civil, a realiza\u00e7\u00e3o de vistoria na ponte de acesso a propriedade do Sr. Joselino Prange, na localidade de Barbaqu\u00e1.</li>\r\n<li>Indica\u00e7\u00e3o n.\u00ba 037/22, de autoria do Vereador Adenir Deucher, que visa solicitar ao Poder Executivo o patrolamento da estrada da localidade de Entrada at\u00e9 a cascalheira do Trombudo.</li>\r\n<li>Indica\u00e7\u00e3o n.\u00ba 038/22, de autoria do Vereador Claudinei Cust\u00f3dio, que visa solicitar ao Poder Executivo a desobstru\u00e7\u00e3o de boca de lobo localizada no entroncamento da Av. 24 de Outubro com a Pra\u00e7a Dom Daniel.</li>\r\n<li>Indica\u00e7\u00e3o n.\u00ba 039/22, de autoria do Vereador Claudinei Cust\u00f3dio, que visa solicitar ao Poder Executivo a desobstru\u00e7\u00e3o de boca de lobo na Rua S\u00e3o Jos\u00e9, no loteamento Andrade.</li>\r\n<li>Indica\u00e7\u00e3o n.\u00ba 040/22, de autoria do Vereador Claudinei Cust\u00f3dio, que visa solicitar ao Poder Executivo a implanta\u00e7\u00e3o de escala de plant\u00e3o para as empresas funer\u00e1rias em funcionamento no Munic\u00edpio.</li>\r\n<li>Indica\u00e7\u00e3o n.\u00ba 041/22, de autoria do Vereador Claudinei Cust\u00f3dio, que visa solicitar ao Poder Executivo a revitaliza\u00e7\u00e3o do Centro Poliesportivo Municipal Arno Oscar Meyer.</li>\r\n</ul>\r\n<p>\u00a0</p>\r\n<p>5\u00a0\u00a0\u00a0\u00a0\u00a0\u00a0\u00a0 Palavra livre</p>\r\n<ul>\r\n<li>Paulo Cesar Moraes</li>\r\n<li>Adenir Deucher</li>\r\n<li>Claudinei Cust\u00f3dio</li>\r\n</ul>\r\n<p>\u00a0</p>\r\n<p>6\u00a0\u00a0\u00a0\u00a0\u00a0\u00a0\u00a0 Encerramento</p>", "author_name": "", "version": "1.0", "author_url": "https://www.bomretiro.sc.leg.br/author/adm", "provider_name": "C\u00e2mara de Vereadores de Bom Retiro - SC", "type": "rich"}