{"provider_url": "https://www.bomretiro.sc.leg.br", "title": "Ordem do Dia", "html": "<p>1\u00a0\u00a0\u00a0\u00a0\u00a0\u00a0\u00a0 Leitura, discuss\u00e3o e vota\u00e7\u00e3o da Ata da Sess\u00e3o anterior.</p>\r\n<p>\u00a0</p>\r\n<p>\u00a0</p>\r\n<p>2\u00a0\u00a0\u00a0\u00a0\u00a0\u00a0\u00a0 Discuss\u00e3o e vota\u00e7\u00e3o dos Projetos de Lei:</p>\r\n<p>\u00a0</p>\r\n<ul>\r\n<li>PL n.\u00ba 016/22, que D\u00e1 Nova Reda\u00e7\u00e3o ao Art. 1\u00ba da Lei 2506/22, que Fixa Valores para Di\u00e1rias de Viagens do Pessoal da Prefeitura Municipal de Bom Retiro.</li>\r\n</ul>\r\n<p>\u00a0</p>\r\n<ul>\r\n<li>PL n.\u00ba 017/22, que Abre Cr\u00e9dito Suplementar no Or\u00e7amento do Munic\u00edpio de Bom Retiro, Exerc\u00edcio Financeiro de 2022, por Excesso de Arrecada\u00e7\u00e3o.</li>\r\n</ul>\r\n<p>\u00a0</p>\r\n<p align=\"left\">3\u00a0\u00a0\u00a0\u00a0\u00a0\u00a0\u00a0 Vota\u00e7\u00e3o das Reda\u00e7\u00f5es Finais dos Projetos de Lei:</p>\r\n<p align=\"left\">\u00a0</p>\r\n<ul>\r\n<li>PL 016/22</li>\r\n<li>PL 017/22</li>\r\n</ul>\r\n<p align=\"left\">\u00a0</p>\r\n<p align=\"left\">4\u00a0\u00a0\u00a0\u00a0\u00a0\u00a0\u00a0 Leitura, apresenta\u00e7\u00e3o de justificativa e vota\u00e7\u00e3o das proposi\u00e7\u00f5es protocoladas:</p>\r\n<p align=\"left\">\u00a0</p>\r\n<ul>\r\n<li>Requerimento n.\u00ba 014/22, de autoria do Vereador Adenir Deucher, que requer ao Poder Executivo informa\u00e7\u00f5es das provid\u00eancias tomadas pela Prefeitura Municipal para sanar, em definitivo, o problema da falta de \u00e1gua no Distrito de Canoas, elencando todas as a\u00e7\u00f5es desenvolvidas pela atual gest\u00e3o com rela\u00e7\u00e3o a esse grave problema enfrentado pelos moradores desta comunidade.</li>\r\n<li>Indica\u00e7\u00e3o n.\u00ba 092/22, de autoria do Vereador Paulo Cesar Moraes, que visa solicitar ao Poder Executivo a aquisi\u00e7\u00e3o de tr\u00eas botij\u00f5es de nitrog\u00eanio para uso na insemina\u00e7\u00e3o de bovinos na regi\u00e3o de Para\u00edso da Serra e Campo Novo, na regi\u00e3o de Tr\u00eas Pontas, Costa da Serra, Rio do Meio e Sapato, e na regi\u00e3o de Barbaqu\u00e1, Cost\u00e3o do Frade, Laranjeiras e Cost\u00e3ozinho.</li>\r\n<li>Indica\u00e7\u00e3o n.\u00ba 093/22, de autoria do Vereador Adenir Deucher, que visa solicitar ao Poder Executivo, atrav\u00e9s da Comiss\u00e3o Municipal de Defesa Civil, a realiza\u00e7\u00e3o de vistoria na ponte localizada nas proximidades da Igreja da localidade de Barbaqu\u00e1.</li>\r\n<li>Indica\u00e7\u00e3o n.\u00ba 093/22, de autoria do Vereador Al\u00e7oni Marinho, que visa solicitar ao Poder Executivo o cascalhamento e patrolamento da estrada que liga as localidades de Entrada e Cost\u00e3ozinho, assim como a limpeza das margens da estrada de acesso a localidade de Trombudo.</li>\r\n</ul>\r\n<p>\u00a0</p>\r\n<p>5\u00a0\u00a0\u00a0\u00a0\u00a0\u00a0\u00a0 Palavra livre</p>\r\n<ul>\r\n<li>Paulo Cesar Moraes</li>\r\n<li>Adenir Deucher</li>\r\n</ul>\r\n<p>\u00a0</p>\r\n<p>\u00a0</p>\r\n<p>6\u00a0\u00a0\u00a0\u00a0\u00a0\u00a0\u00a0 Encerramento</p>", "author_name": "", "version": "1.0", "author_url": "https://www.bomretiro.sc.leg.br/author/adm", "provider_name": "C\u00e2mara de Vereadores de Bom Retiro - SC", "type": "rich"}