{"provider_url": "https://www.bomretiro.sc.leg.br", "title": "Ordem do Dia", "html": "<p>\u00a0</p>\r\n<p>1\u00a0\u00a0\u00a0\u00a0\u00a0\u00a0\u00a0 Leitura, discuss\u00e3o e vota\u00e7\u00e3o da Ata da Sess\u00e3o anterior.</p>\r\n<p>\u00a0</p>\r\n<p>2\u00a0\u00a0\u00a0\u00a0\u00a0\u00a0\u00a0 Leitura do PL n.\u00ba 004/22, que Torna Obrigat\u00f3ria a Distribui\u00e7\u00e3o dos Medicamentos Contemplados pela Farm\u00e1cia B\u00e1sica e Outros Distribu\u00eddos pelo Munic\u00edpio nas Unidades B\u00e1sicas de Sa\u00fade.</p>\r\n<p>\u00a0</p>\r\n<p align=\"left\">3\u00a0\u00a0\u00a0\u00a0\u00a0\u00a0\u00a0 Leitura, apresenta\u00e7\u00e3o de justificativa e vota\u00e7\u00e3o das proposi\u00e7\u00f5es protocoladas:</p>\r\n<p align=\"left\">\u00a0</p>\r\n<ul>\r\n<li>Requerimento n.\u00ba 011/22, de autoria do Vereador Adenir Deucher, que requer ao Poder Executivo relat\u00f3rio contendo os recursos dispon\u00edveis nas contas da Prefeitura Municipal e seus fundos.</li>\r\n<li>Indica\u00e7\u00e3o n.\u00ba 082/22, de autoria do Vereador Al\u00e7oni Marinho, que visa solicitar ao Poder Executivo o cascalhamento da Rua Jos\u00e9 Freiberger, no Bairro Capistrano.</li>\r\n<li>Indica\u00e7\u00e3o n.\u00ba 083/22, de autoria do Vereador Al\u00e7oni Marinho, que visa solicitar ao Poder Executivo a coloca\u00e7\u00e3o de placas com a denomina\u00e7\u00e3o das ruas no Bairro Capistrano.</li>\r\n<li>Indica\u00e7\u00e3o n\u00ba 084/22, de autoria do Vereador Adenir Deucher, que visa solicitar ao Poder Executivo a coloca\u00e7\u00e3o de tubula\u00e7\u00e3o pluvial na Rua Antonio Jos\u00e9 Coelho.</li>\r\n<li>Indica\u00e7\u00e3o n\u00ba 085/22, de autoria do Vereador Sergio Adriano Kreuch da Rosa, que visa solicitar ao Poder Executivo uma verifica\u00e7\u00e3o e se necess\u00e1rio, a realiza\u00e7\u00e3o de limpeza na tubula\u00e7\u00e3o do Riacho Rinc\u00e3o.</li>\r\n</ul>\r\n<p>\u00a0</p>\r\n<p>4\u00a0\u00a0\u00a0\u00a0\u00a0\u00a0\u00a0 Palavra livre</p>\r\n<ul>\r\n<li>Claudinei Cust\u00f3dio</li>\r\n<li>Helena Schild de Oliveira</li>\r\n</ul>\r\n<p>5\u00a0\u00a0\u00a0\u00a0\u00a0\u00a0\u00a0 Encerramento</p>", "author_name": "", "version": "1.0", "author_url": "https://www.bomretiro.sc.leg.br/author/adm", "provider_name": "C\u00e2mara de Vereadores de Bom Retiro - SC", "type": "rich"}