{"provider_url": "https://www.bomretiro.sc.leg.br", "title": "Ordem do Dia ", "html": "<p>\u00a0</p>\r\n<p>1\u00a0\u00a0\u00a0\u00a0\u00a0\u00a0\u00a0 Leitura, discuss\u00e3o e vota\u00e7\u00e3o da Ata da Sess\u00e3o anterior.</p>\r\n<p>\u00a0</p>\r\n<p>2\u00a0\u00a0\u00a0\u00a0\u00a0\u00a0\u00a0 Discuss\u00e3o e vota\u00e7\u00e3o do PL n.\u00ba 014/22, que disp\u00f5e sobre a cria\u00e7\u00e3o e estabelece diretrizes para a organiza\u00e7\u00e3o e estrutura\u00e7\u00e3o dos Conselhos Escolares da rede municipal de ensino de Bom Retiro \u2013 SC.</p>\r\n<p>\u00a0</p>\r\n<p>3\u00a0\u00a0\u00a0\u00a0\u00a0\u00a0\u00a0 Discuss\u00e3o e vota\u00e7\u00e3o do PL n.\u00ba 015/22, que abre cr\u00e9dito suplementar no or\u00e7amento do munic\u00edpio de Bom Retiro, exerc\u00edcio financeiro de 2022, por excesso de arrecada\u00e7\u00e3o e pelo super\u00e1vit do exerc\u00edcio anterior.</p>\r\n<p>\u00a0</p>\r\n<p>4\u00a0\u00a0\u00a0\u00a0\u00a0\u00a0\u00a0 Vota\u00e7\u00e3o da Reda\u00e7\u00e3o Final do PL n.\u00ba 014/22.</p>\r\n<p>\u00a0</p>\r\n<p>5\u00a0\u00a0\u00a0\u00a0\u00a0\u00a0\u00a0 Vota\u00e7\u00e3o da Reda\u00e7\u00e3o Final do PL n.\u00ba 015/22.</p>\r\n<p>\u00a0</p>\r\n<p align=\"left\">\u00a0</p>\r\n<p align=\"left\">6\u00a0\u00a0\u00a0\u00a0\u00a0\u00a0\u00a0 Leitura, apresenta\u00e7\u00e3o de justificativa e vota\u00e7\u00e3o das proposi\u00e7\u00f5es protocoladas:</p>\r\n<p align=\"left\">\u00a0</p>\r\n<ul>\r\n<li>Indica\u00e7\u00e3o n.\u00ba 075/22, de autoria do Vereador Paulo Cesar Moraes, que visa solicitar ao Poder Executivo o patrolamento e cascalhamento da estrada de acesso a propriedade do Sr. Nestor Schutz, no Campo Novo, assim como a reforma da ponte situada nesta via.</li>\r\n<li>Indica\u00e7\u00e3o n.\u00ba 076/22, de autoria do Vereador Paulo Cesar Moraes, que visa solicitar ao Poder Executivo o patrolamento e cascalhamento da estrada de acesso a localidade de Cupim.</li>\r\n<li>Indica\u00e7\u00e3o n\u00ba 077/22, de autoria dos Vereadores Paulo Cesar Moraes, Helena Schild de Oliveira e Claudinei Cust\u00f3dio que visa solicitar ao Poder Executivo a instala\u00e7\u00e3o de ilumina\u00e7\u00e3o p\u00fablica no Santu\u00e1rio Nossa Senhora Aparecida.</li>\r\n<li>Indica\u00e7\u00e3o n.\u00ba 078/22, de autoria do Vereador Argeu Jurandi Gon\u00e7alves Padilha, que visa solicitar ao Poder Executivo disponibilizar transporte escolar aos alunos do Bairro Capistrano, que estudam na Escola Valmir Omarques Nunes.</li>\r\n<li>Indica\u00e7\u00e3o n.\u00ba 079/22, de autoria do Vereador Adenir Deucher, que visa solicitar ao Poder Executivo a constru\u00e7\u00e3o de um heliponto no Hospital Nossa Senhora das Gra\u00e7as, no munic\u00edpio de Bom Retiro/SC.</li>\r\n<li>Indica\u00e7\u00e3o n. \u00b0 080/22, de autoria do Vereador S\u00e9rgio Adriano Kreuch da Rosa, que visa solicitar ao Poder Executivo o patrolamento e cascalhamento da Avenida Major Generoso, bairro S\u00e3o Jos\u00e9, at\u00e9 o Morro da Cruz.</li>\r\n<li>Indica\u00e7\u00e3o n. \u00b0 081/22, de autoria do Vereador S\u00e9rgio Adriano Kreuch da Rosa, que visa solicitar ao Poder Executivo o patrolamento e cascalhamento das estradas nas Localidades do Para\u00edso da Serra e Campo Novo do Sul.</li>\r\n</ul>\r\n<p>\u00a0</p>\r\n<p>7\u00a0\u00a0\u00a0\u00a0\u00a0\u00a0\u00a0 Palavra livre</p>\r\n<ul>\r\n<li>Paulo Cesar Moraes</li>\r\n</ul>\r\n<p>8\u00a0\u00a0\u00a0\u00a0\u00a0\u00a0\u00a0 Encerramento</p>", "author_name": "", "version": "1.0", "author_url": "https://www.bomretiro.sc.leg.br/author/adm", "provider_name": "C\u00e2mara de Vereadores de Bom Retiro - SC", "type": "rich"}