{"provider_url": "https://www.bomretiro.sc.leg.br", "title": "Ordem do Dia", "html": "<p align=\"center\"><b><span>SESS\u00c3O ORDIN\u00c1RIA 14/03/2022</span></b></p>\r\n<p align=\"center\">ORDEM DO DIA:</p>\r\n<p align=\"left\">1\u00a0\u00a0\u00a0\u00a0\u00a0\u00a0\u00a0\u00a0 Leitura, discuss\u00e3o e vota\u00e7\u00e3o da Ata da Sess\u00e3o anterior.</p>\r\n<p align=\"left\">\u00a0</p>\r\n<p align=\"left\">2\u00a0\u00a0\u00a0\u00a0\u00a0\u00a0\u00a0\u00a0 Contas do Munic\u00edpio de Bom Retiro, relativas ao Exerc\u00edcio de 2020.</p>\r\n<p align=\"left\">\u00a0</p>\r\n<p align=\"left\">3\u00a0\u00a0\u00a0\u00a0\u00a0\u00a0\u00a0\u00a0 Leitura, apresenta\u00e7\u00e3o de justificativa e vota\u00e7\u00e3o das proposi\u00e7\u00f5es protocoladas:</p>\r\n<p align=\"left\">\u00a0</p>\r\n<ul>\r\n<li>Requerimento n.\u00ba 005/22, de autoria da Vereadora Helena Schild de Oliveira, que requer ao Poder Executivo o seguinte: 1. Relat\u00f3rio das A\u00e7\u00f5es desenvolvidas pelo Conselho Municipal de Turismo no ano 2021; 2. C\u00f3pia das atas das reuni\u00f5es realizadas pelo Conselho Municipal de Turismo no ano de 2021.</li>\r\n<li>Requerimento n.\u00ba 006/22, de autoria da Vereadora Helena Schild de Oliveira, que requer ao Poder Executivo o seguinte: 1. De quem \u00e9 a responsabilidade de quita\u00e7\u00e3o de \u00e1gua e luz pela utiliza\u00e7\u00e3o do espa\u00e7o para reciclagem de lixo e compostagem, do im\u00f3vel com localiza\u00e7\u00e3o \u00e1s margens da BR 282, KM 130; 2 \u2013 Qual o prazo para a empresa iniciar as atividades de reciclagem de lixo e compostagem ap\u00f3s a assinatura da cess\u00e3o de uso do referido espa\u00e7o; 3 \u2013 Qual o prazo concedido pelo Munic\u00edpio para cess\u00e3o de uso do espa\u00e7o para reciclagem de lixo e compostagem, com localiza\u00e7\u00e3o \u00e1s margens da BR 282, km 130; 4 \u2013 Quem ser\u00e1 respons\u00e1vel pela coleta de mat\u00e9rias para reciclagem e compostagem e quais os Bairros e localidades do Munic\u00edpio ser\u00e3o atendidos por esse servi\u00e7o; 5 \u2013 Quais ser\u00e3o as responsabilidade da empresa RV Prestadora de Servi\u00e7o e Coleta Ltda quanto as normas sanit\u00e1rias e ambientais relacionadas ao servi\u00e7o de reciclagem do lixo e compostagem, assim como sobre a manuten\u00e7\u00e3o do im\u00f3vel cedido pelo Munic\u00edpio; 6 - C\u00f3pia do contrato de cess\u00e3o de uso do im\u00f3vel de propriedade do Munic\u00edpio localizado na BR 282, KM 130.</li>\r\n<li>Requerimento n.\u00ba 004/22, de autoria do Vereador Adenir Deucher, que requer a convoca\u00e7\u00e3o da Secret\u00e1ria Municipal de Sa\u00fade para explanar sobre: 1. Servi\u00e7o de fisioterapia, fonoaudiologia e odontol\u00f3gico; 2. Distribui\u00e7\u00e3o de medicamentos nas unidades de sa\u00fade; 3. Funcionamento dos postos de sa\u00fade do Munic\u00edpio; 4 \u2013 Per\u00edodo de atendimento m\u00e9dico \u00e0 popula\u00e7\u00e3o do interior do Munic\u00edpio; Posto de Sa\u00fade do Bairro Capistrano. \u00a0</li>\r\n<li>Indica\u00e7\u00e3o n.\u00ba 028/22, de autoria da Vereadora Helena Schild de Oliveira, que visa solicitar ao Poder Executivo a instala\u00e7\u00e3o de faixas elevadas de pedestres na Rua Carlos Werner, no entroncamento com a Rua Pedro Hugo do Amaral Neto e no entroncamento com a Av. 24 de Outubro.</li>\r\n<li>Indica\u00e7\u00e3o n.\u00ba 029/22, de autoria da Vereadora Helena Schild de Oliveira, que visa solicitar ao Poder Executivo a instala\u00e7\u00e3o de um dep\u00f3sito provis\u00f3rio de lixo nas proximidades da ponte do Rio Ponte Alta, na localidade de Entrada.</li>\r\n<li>Indica\u00e7\u00e3o n.\u00ba 030/22, de autoria do Vereador Adenir Deucher, que visa solicitar ao Poder Executivo a recupera\u00e7\u00e3o da ilumina\u00e7\u00e3o da Pra\u00e7a Dom Daniel.</li>\r\n<li>Indica\u00e7\u00e3o n.\u00ba 031/22, de autoria do Vereador Adenir Deucher, que visa solicitar ao Poder Executivo a recupera\u00e7\u00e3o da estrada de acesso a propriedade do Sr. Jaime Masson, na localidade de Rio Frederico.</li>\r\n<li>Indica\u00e7\u00e3o n.\u00ba 032/22, de autoria do Vereador Adenir Deucher, que visa solicitar ao Poder Executivo a drenagem de vala localizada nas proximidades da resid\u00eancia da Sra. Lurdes Hoffman, na localidade de Barbaqu\u00e1.</li>\r\n<li>Indica\u00e7\u00e3o n.\u00ba 033/22, de autoria do Vereador Adenir Deucher, que visa solicitar ao Poder Executivo o patrolamento da Rua Generoso Idelfonso de Oliveira.</li>\r\n<li>Indica\u00e7\u00e3o n.\u00ba 034/22, de autoria do Vereador Sergio Adriano Kreuch da Rosa, que visa solicitar ao Poder Executivo a canaliza\u00e7\u00e3o de toda extens\u00e3o do Riacho Rinc\u00e3o, no trecho localizado na Rua Frontino Vieira de Souza</li>\r\n</ul>\r\n<p>\u00a0</p>\r\n<p>4\u00a0\u00a0\u00a0\u00a0\u00a0\u00a0 Encerramento.</p>", "author_name": "", "version": "1.0", "author_url": "https://www.bomretiro.sc.leg.br/author/adm", "provider_name": "C\u00e2mara de Vereadores de Bom Retiro - SC", "type": "rich"}