{"provider_url": "https://www.bomretiro.sc.leg.br", "title": "Funda\u00e7\u00e3o Municipal de Cultura", "html": "<p>Helena destacou ser importante a reativa\u00e7\u00e3o da referida funda\u00e7\u00e3o, como forma de garantir a capta\u00e7\u00e3o de recursos e promo\u00e7\u00e3o de a\u00e7\u00f5es culturais.</p>", "author_name": "", "version": "1.0", "author_url": "https://www.bomretiro.sc.leg.br/author/adm", "provider_name": "C\u00e2mara de Vereadores de Bom Retiro - SC", "type": "rich"}