{"provider_url": "https://www.bomretiro.sc.leg.br", "title": "Fim do recesso na C\u00e2mara Municipal ", "html": "<p><span>Com o fim do recesso a rotina das sess\u00f5es voltam ao normal, sempre \u00e0s segundas-feiras, as 18 horas. Compare\u00e7am e prestigiem as Sess\u00f5es da C\u00e2mara de Vereadores de Bom Retiro. As sess\u00f5es continuam sendo transmitidas ao vivo pela R\u00e1dio Portal da Serra e na p\u00e1gina da C\u00e2mara no Facebook.</span><span><br /></span></p>", "author_name": "", "version": "1.0", "author_url": "https://www.bomretiro.sc.leg.br/author/adm", "provider_name": "C\u00e2mara de Vereadores de Bom Retiro - SC", "type": "rich"}