{"provider_url": "https://www.bomretiro.sc.leg.br", "title": "Dia Nacional da Educa\u00e7\u00e3o Infantil", "html": "<p>No Brasil, a Educa\u00e7\u00e3o Infantil \u00e9 reconhecida como a primeira etapa da educa\u00e7\u00e3o b\u00e1sica e \u00e9 dividida em duas fases: creche, que atende crian\u00e7as de 0 a 3 anos, e pr\u00e9-escola, que atende crian\u00e7as de 4 a 5 anos. Ela \u00e9 respons\u00e1vel por proporcionar um ambiente seguro e estimulante para as crian\u00e7as explorarem, brincarem e desenvolverem suas habilidades.</p>\r\n<p>A Educa\u00e7\u00e3o Infantil \u00e9 crucial porque as experi\u00eancias nessa fase inicial da vida podem ter um impacto significativo no desenvolvimento futuro da crian\u00e7a. Ela contribui para o desenvolvimento de habilidades sociais, lingu\u00edsticas, motoras e cognitivas, al\u00e9m de promover a forma\u00e7\u00e3o de uma base s\u00f3lida para a aprendizagem ao longo da vida.</p>", "author_name": "", "version": "1.0", "author_url": "https://www.bomretiro.sc.leg.br/author/adm", "provider_name": "C\u00e2mara de Vereadores de Bom Retiro - SC", "type": "rich"}