{"provider_url": "https://www.bomretiro.sc.leg.br", "title": "Dia Internacional da Educa\u00e7\u00e3o", "html": "<div id=\"content-core\">\r\n<div class=\"newsImageContainer\"><a href=\"https://www.bomretiro.sc.leg.br/dia-internacional-da-educacao/image/image_view_fullscreen\" id=\"parent-fieldname-image\">\u00a0 </a></div>\r\n<div class=\"plain\" id=\"parent-fieldname-text\">\r\n<p>Valorizamos a import\u00e2ncia da educa\u00e7\u00e3o como pilar fundamental para o progresso e prosperidade. Juntos, continuaremos investindo em iniciativas que promovam o acesso equitativo \u00e0 educa\u00e7\u00e3o e fortale\u00e7am nosso sistema educacional. Parab\u00e9ns a todos os educadores, alunos e colaboradores que contribuem para o crescimento intelectual de Bom Retiro.</p>\r\n</div>\r\n</div>", "author_name": "", "version": "1.0", "author_url": "https://www.bomretiro.sc.leg.br/author/adm", "provider_name": "C\u00e2mara de Vereadores de Bom Retiro - SC", "type": "rich"}