{"provider_url": "https://www.bomretiro.sc.leg.br", "title": "Dia da \u00c1rvore", "html": "<p>Elas nos fornecem oxig\u00eanio, absorvem di\u00f3xido de carbono, abrigam uma incr\u00edvel variedade de vida selvagem e, n\u00e3o menos importante, oferecem sombra e abrigo nos dias mais quentes. Suas ra\u00edzes profundas ancoram o solo, evitando a eros\u00e3o e ajudando a manter a qualidade da \u00e1gua.</p>\r\n<p>No entanto, as \u00e1rvores est\u00e3o enfrentando desafios s\u00e9rios devido \u00e0 explora\u00e7\u00e3o descontrolada, desmatamento e mudan\u00e7as clim\u00e1ticas. \u00c9 nosso dever proteger e preservar esses preciosos recursos naturais para as gera\u00e7\u00f5es futuras.</p>\r\n<p>Hoje, vamos plantar uma \u00e1rvore, cuidar de uma \u00e1rvore j\u00e1 existente ou apoiar iniciativas que promovam a refloresta\u00e7\u00e3o. Cada pequeno gesto conta e nos aproxima de um futuro mais verde e saud\u00e1vel para todos.</p>\r\n<p>Ent\u00e3o, celebremos o Dia da \u00c1rvore com gratid\u00e3o e compromisso, lembrando que, ao cuidarmos das \u00e1rvores, estamos cuidando de n\u00f3s mesmos e do nosso amado planeta Terra.</p>\r\n<p>#DiaDa\u00c1rvore #PreserveANatureza #CuideDas\u00c1rvores \ud83c\udf33\ud83c\udf0d\ud83d\udc9a</p>", "author_name": "", "version": "1.0", "author_url": "https://www.bomretiro.sc.leg.br/author/adm", "provider_name": "C\u00e2mara de Vereadores de Bom Retiro - SC", "type": "rich"}