{"provider_url": "https://www.bomretiro.sc.leg.br", "title": "Comiss\u00f5es Permanentes s\u00e3o formadas ", "html": "<p><strong>Comiss\u00e3o de Legisla\u00e7\u00e3o e Justi\u00e7a</strong></p>\r\n<p>Presidente: Helena Schild de Oliveira</p>\r\n<p>Membros: Paulo Cesar Moraes e Al\u00e7oni Marinho;</p>\r\n<p><strong><br /></strong></p>\r\n<p><strong>Comiss\u00e3o de Finan\u00e7as e Or\u00e7amento</strong></p>\r\n<p>Presidente:\u00a0 Adenir Deucher</p>\r\n<p>Membros: Daniel Sangaletti e Jos\u00e9 Alfeu Ferreira</p>\r\n<p><strong> Comiss\u00e3o de Obras, Servi\u00e7os P\u00fablicos, Comunica\u00e7\u00e3o, Urbanismo e Meio Ambiente</strong></p>\r\n<p>Presidente: Helena Schild de Oliveira</p>\r\n<p>Membros:\u00a0 Paulo Cesar Moraes e Argeu Jurandi Gon\u00e7alves Padilha</p>\r\n<p>\u00a0</p>\r\n<p><strong>Comiss\u00e3o de Educa\u00e7\u00e3o, Sa\u00fade, Assist\u00eancia, Cultura e Desportos</strong></p>\r\n<p>Presidente:\u00a0 Jos\u00e9 Alfeu Ferreira</p>\r\n<p>Membros: Helena Schild de Oliveira e Claudinei Cust\u00f3dio</p>\r\n<p>\u00a0</p>\r\n<p><strong>Comiss\u00e3o de Agricultura, Ind\u00fastria, Com\u00e9rcio e Turismo</strong></p>\r\n<p>Presidente:\u00a0 Adenir Deucher</p>\r\n<p>Membros:\u00a0 Daniel Sangaletti e Argeu Jurandi Gon\u00e7alves Padilha</p>\r\n<p>\u00a0</p>\r\n<p><strong>Comiss\u00e3o de Reda\u00e7\u00e3o Final</strong></p>\r\n<p>Presidente:\u00a0 Al\u00e7oni Marinho;</p>\r\n<p>Membros:\u00a0 Daniel Sangaletti e\u00a0 Paulo Cesar Moraes</p>", "author_name": "", "version": "1.0", "author_url": "https://www.bomretiro.sc.leg.br/author/adm", "provider_name": "C\u00e2mara de Vereadores de Bom Retiro - SC", "type": "rich"}