{"provider_url": "https://www.bomretiro.sc.leg.br", "title": "Comiss\u00f5es Permanentes s\u00e3o formadas", "html": "<div class=\"newsImageContainer\"><a href=\"https://www.bomretiro.sc.leg.br/institucional/noticias/comissoes-permanentes-sao-formadas/image/image_view_fullscreen\" id=\"parent-fieldname-image\">\u00a0 </a></div>\r\n<p><span>As <span class=\"highlightedSearchTerm\">comiss\u00f5es</span> ficaram assim constitu\u00eddas:</span></p>\r\n<p><b><br /></b></p>\r\n<p><b>Comiss\u00e3o de Legisla\u00e7\u00e3o e Justi\u00e7a</b></p>\r\n<h5>Presidente: Helena Schild de Oliveira</h5>\r\n<p>\u00a0</p>\r\n<p>Membros: Daniel Sangaletti e Al\u00e7oni Marinho</p>\r\n<p>\u00a0</p>\r\n<p>\u00a0</p>\r\n<p><b>Comiss\u00e3o de Finan\u00e7as e Or\u00e7amento</b></p>\r\n<h6></h6>\r\n<p>Presidente: Adenir Deucher</p>\r\n<p>Membros:\u00a0\u00a0 Daniel Sangaletti e Paulo Cesar Moraes</p>\r\n<h5>\u00a0</h5>\r\n<p>\u00a0</p>\r\n<p><b>Comiss\u00e3o de Obras, Servi\u00e7os P\u00fablicos, Comunica\u00e7\u00e3o, Urbanismo e Meio Ambiente </b>\u00a0</p>\r\n<p>Presidente: Helena Schild de Oliveira</p>\r\n<p>Membros:\u00a0 Sergio Adriano Kreuch da Rosa e Argeu Jurandi Gon\u00e7alves Padilha</p>\r\n<p>\u00a0</p>\r\n<p>\u00a0</p>\r\n<p><b>Comiss\u00e3o de Educa\u00e7\u00e3o, Sa\u00fade, Assist\u00eancia, Cultura e Desportos</b></p>\r\n<p>Presidente:\u00a0 Jos\u00e9 Alfeu Ferreira</p>\r\n<p>Membros:\u00a0\u00a0 Helena Schild de Oliveira e Sergio Adriano Kreuch da Rosa</p>\r\n<h5>\u00a0</h5>\r\n<p><b>\u00a0</b></p>\r\n<p><b>Comiss\u00e3o de Agricultura, Ind\u00fastria, Com\u00e9rcio e Turismo</b></p>\r\n<p>Presidente:\u00a0 Adenir Deucher</p>\r\n<p>Membros:\u00a0\u00a0 Sergio Adriano Kreuch da Rosa e Argeu Jurandi Gon\u00e7alves Padilha</p>\r\n<p>\u00a0</p>\r\n<p>\u00a0</p>\r\n<p><b>Comiss\u00e3o de Reda\u00e7\u00e3o Final</b></p>\r\n<p>Presidente:\u00a0 Al\u00e7oni Marinho</p>\r\n<p>Membros:\u00a0\u00a0 Daniel Sangaletti e\u00a0 Paulo Cesar Moraes</p>\r\n<h5>\u00a0</h5>\r\n<p><span><br /></span></p>", "author_name": "", "version": "1.0", "author_url": "https://www.bomretiro.sc.leg.br/author/adm", "provider_name": "C\u00e2mara de Vereadores de Bom Retiro - SC", "type": "rich"}