{"provider_url": "https://www.bomretiro.sc.leg.br", "title": "Caravana da Mulher", "html": "<div dir=\"auto\">\r\n<div class=\"x1iorvi4 x1pi30zi x1l90r2v x1swvt13\" id=\"jsc_c_4y\" data-ad-comet-preview=\"message\" data-ad-preview=\"message\">\r\n<div class=\"x78zum5 xdt5ytf xz62fqu x16ldp7u\">\r\n<div class=\"xu06os2 x1ok221b\">\r\n<div class=\"x11i5rnm xat24cr x1mh8g0r x1vvkbs xdj266r x126k92a\">\r\n<p>\u00a0Participaram do evento a Procuradora da Mulher na C\u00e2mara Municipal, Vereadora Helena Schild de Oliveira , os Vereadores Adenir Deucher , Landir Padilha , Daniel Sangaletti , Z\u00e9 Do Nazo Ferreira e Paulo Cesar Moraes Moraes , o prefeito municipal, Albino Gon\u00e7alves Padilha , Conselho Tutelar, advogadas, empres\u00e1rias, professoras, servidoras municipais, banc\u00e1rias, lideran\u00e7as femininas do munic\u00edpio, dentre outros mun\u00edcipes.</p>\r\n</div>\r\n</div>\r\n</div>\r\n</div>\r\n</div>", "author_name": "", "version": "1.0", "author_url": "https://www.bomretiro.sc.leg.br/author/adm", "provider_name": "C\u00e2mara de Vereadores de Bom Retiro - SC", "type": "rich"}