{"provider_url": "https://www.bomretiro.sc.leg.br", "title": "Audi\u00eancia P\u00fablica", "html": "<p>O evento acontecer\u00e1, dia 15/07/21, \u00e0s 15 horas, no Sal\u00e3o da Igreja Cat\u00f3lica do Bairro Capistrano e, devido a pandemia da COVID-19, ser\u00e1 limitada a participa\u00e7\u00e3o de at\u00e9 40 pessoas, sendo obrigat\u00f3rio uso de m\u00e1scara e obedi\u00eancia as regras sanit\u00e1rias vigentes.</p>", "author_name": "", "version": "1.0", "author_url": "https://www.bomretiro.sc.leg.br/author/adm", "provider_name": "C\u00e2mara de Vereadores de Bom Retiro - SC", "type": "rich"}