{"provider_url": "https://www.bomretiro.sc.leg.br", "title": "Audi\u00eancia P\u00fablica", "html": "<p style=\"text-align: justify; \">As referidas vias sempre foram de responsabilidade do Estado, por\u00e9m foram exclu\u00eddas do Novo Plano Rodovi\u00e1rio Estadual, ficando sem nenhum respaldo jur\u00eddico e administrativo para conserva\u00e7\u00e3o das mesmas.</p>\r\n<p style=\"text-align: justify; \">Diante destas coloca\u00e7\u00f5es e da import\u00e2ncia destas estradas, o autor da Audi\u00eancia P\u00fablica cobrou um posicionamento do Governo do Estado, pois os moradores da regi\u00e3o precisam destas estradas em perfeitas condi\u00e7\u00f5es de trafegabilidade.</p>\r\n<p style=\"text-align: justify; \">O Prefeito Municipal, Vilmar Jos\u00e9 Neckel, disse que o Munic\u00edpio tentou uma parceria com o Estado para recupera\u00e7\u00e3o destas estradas, entretanto n\u00e3o conseguiu \u00eaxito. Afirmou ser importante uma cobran\u00e7a mais efetiva, pois o Munic\u00edpio de Bom Retiro n\u00e3o est\u00e1 tendo aten\u00e7\u00e3o merecida por parte da Ag\u00eancia de Desenvolvimento Regional em S\u00e3o Joaquim.</p>\r\n<p style=\"text-align: justify; \">O representante da Ag\u00eancia de Desenvolvimento Regional em S\u00e3o Joaquim, Juliano Martorano, disse que a ADR reconhece o problema, entretanto falta respaldo jurisdicional para solu\u00e7\u00e3o ao pleito.</p>\r\n<p style=\"text-align: justify; \">O Representante do Departamento Estadual de Infraestrutura, Sr. Narciso Leal Narciso, afirmou que neste momento o DEINFRA n\u00e3o possui condi\u00e7\u00f5es para executar tal melhoramento, por\u00e9m sugeriu a formaliza\u00e7\u00e3o de conv\u00eanio com a ADR S\u00e3o Joaquim, medida essa que necessita de respaldo do Secret\u00e1rio de Estado da Infraestrutura.</p>\r\n<p style=\"text-align: justify; \">Diante do impasse, ficou acordado uma audi\u00eancia do o Secret\u00e1rio de Estado da Infraestrutura onde seriam discutidas medidas visando a efetiva recupera\u00e7\u00e3o destas estradas.</p>", "author_name": "", "version": "1.0", "author_url": "https://www.bomretiro.sc.leg.br/author/bro", "provider_name": "C\u00e2mara de Vereadores de Bom Retiro - SC", "type": "rich"}