{"provider_url": "https://www.bomretiro.sc.leg.br", "title": "Agosto Laranja", "html": "<div class=\"o9v6fnle cxmmr5t8 oygrvhab hcukyx3x c1et5uql ii04i59q\">\r\n<div dir=\"auto\" style=\"text-align: start; \">As atividades desenvolvidas no \u201cAGOSTO LARANJA\u201d, visam ao desenvolvimento de conte\u00fados para conscientizar a sociedade sobre as necessidades espec\u00edficas de organiza\u00e7\u00e3o social e de politicas p\u00fablicas para promover a inclus\u00e3o social desse segmento populacional, e para combater o preconceito e a discrimina\u00e7\u00e3o.</div>\r\n</div>", "author_name": "", "version": "1.0", "author_url": "https://www.bomretiro.sc.leg.br/author/adm", "provider_name": "C\u00e2mara de Vereadores de Bom Retiro - SC", "type": "rich"}