{"provider_url": "https://www.bomretiro.sc.leg.br", "title": "\ud83d\udce2 Proposi\u00e7\u00f5es do Vereador Adenir Deucher ", "html": "<p>\u00a0</p>\r\n<p>Na Sess\u00e3o Ordin\u00e1ria do dia 10 de julho de 2023, o Vereador Adenir Deucher apresentou duas proposi\u00e7\u00f5es que foram aprovadas pela C\u00e2mara de Vereadores de Bom Retiro. Confira os detalhes abaixo:</p>\r\n<p>\ud83d\udccb Requerimento n.\u00ba 037/23: Neste requerimento, o Vereador Adenir Deucher solicita ao Poder Executivo o cronograma de pagamento \u00e0 empresa Marcos da Cruz \u2013 ME, referente \u00e0 aquisi\u00e7\u00e3o de lajotas utilizadas na pavimenta\u00e7\u00e3o de ruas. O objetivo \u00e9 obter informa\u00e7\u00f5es claras e atualizadas sobre o cronograma de pagamento para essa empresa, garantindo transpar\u00eancia e controle no uso dos recursos p\u00fablicos destinados \u00e0 pavimenta\u00e7\u00e3o do munic\u00edpio.</p>\r\n<p>\ud83d\udc4f Mo\u00e7\u00e3o n.\u00ba 024/23: Nesta mo\u00e7\u00e3o, o Vereador Adenir Deucher solicita o envio de uma Mo\u00e7\u00e3o de Aplauso ao Corpo de Bombeiros de Bom Retiro pela atua\u00e7\u00e3o durante a ocorr\u00eancia de inc\u00eandio ocorrido no \u00faltimo s\u00e1bado no bairro S\u00e3o Jos\u00e9. A mo\u00e7\u00e3o tem como objetivo reconhecer e parabenizar a equipe do Corpo de Bombeiros pela sua pronta resposta, profissionalismo e coragem no combate ao inc\u00eandio, demonstrando o valor e a import\u00e2ncia dos bombeiros para a seguran\u00e7a da popula\u00e7\u00e3o.</p>", "author_name": "", "version": "1.0", "author_url": "https://www.bomretiro.sc.leg.br/author/adm", "provider_name": "C\u00e2mara de Vereadores de Bom Retiro - SC", "type": "rich"}